{"id":9824,"date":"2023-09-05T10:29:23","date_gmt":"2023-09-05T08:29:23","guid":{"rendered":"https:\/\/tv.a11.cz\/?p=9824"},"modified":"2023-09-05T10:29:23","modified_gmt":"2023-09-05T08:29:23","slug":"uspesna-revitalizace-ulic-mesto-dostala-do-celostatni-souteze","status":"publish","type":"post","link":"https:\/\/tv.a11.cz\/uspesna-revitalizace-ulic-mesto-dostala-do-celostatni-souteze-9824\/","title":{"rendered":"\u00dasp\u011b\u0161n\u00e1 revitalizace ulic m\u011bsto dostala do celost\u00e1tn\u00ed sout\u011b\u017ee"},"content":{"rendered":"<p>M\u011bsto se do sout\u011b\u017ee dostalo d\u00edky \u00fasp\u011b\u0161n\u00e9 revitalizaci hned t\u0159\u00ed ulic. Na jejich rekonstrukci se pod\u00edleli dopravn\u00ed in\u017een\u00fd\u0159i a zahradn\u00ed architekti. V\u00fdsledkem jsou stabiln\u00ed v\u00fdsadby a odoln\u00e9 \u0161t\u011brkov\u00e9 z\u00e1hony s n\u00edzkou m\u00edrou \u00fadr\u017eby. V lokalit\u011b Stadick\u00e1 a Budovatel\u016f dokonce do\u0161lo ke zm\u011bn\u011b sklonu ulice.<\/p>\n<p>B\u011bhem rekonstrukce m\u011bsto ve zm\u011bn\u011bn\u00fdch lokalit\u00e1ch vys\u00e1zelo 77 strom\u016f, 430 ke\u0159\u016f a 3500 kus\u016f trvalek. Rekonstrukce prob\u011bhla p\u0159edev\u0161\u00edm na \u017e\u00e1dost m\u00edstn\u00edch ob\u010dan\u016f. Sympatie roudnick\u00e9mu projektu m\u016f\u017eete vyj\u00e1d\u0159it a\u017e do 15. \u0159\u00edjna tohoto roku.<\/p>\n","protected":false},"excerpt":{"rendered":"<p>M\u011bsto Roudnice nad Labem sout\u011b\u017e\u00ed v Adaptera Awards, presti\u017en\u00ed celost\u00e1tn\u00ed sout\u011b\u017ei, kter\u00e1 oce\u0148uje projekty pom\u00e1haj\u00edc\u00ed ochlazovat na\u0161e m\u011bsta a zadr\u017eovat vodu v krajin\u011b. <\/p>\n","protected":false},"author":4,"featured_media":9884,"comment_status":"closed","ping_status":"closed","sticky":false,"template":"","format":"standard","meta":{"_acf_changed":false,"footnotes":""},"categories":[17,223,157],"tags":[],"porad":[],"region":[93,63],"class_list":["post-9824","post","type-post","status-publish","format-standard","has-post-thumbnail","hentry","category-domaci","category-ekologie","category-zpravy","region-litomericko","region-ustecky-kraj"],"acf":[],"meta_box":{"odeslat":["nasregion"]},"_links":{"self":[{"href":"https:\/\/tv.a11.cz\/api\/wp\/v2\/posts\/9824","targetHints":{"allow":["GET"]}}],"collection":[{"href":"https:\/\/tv.a11.cz\/api\/wp\/v2\/posts"}],"about":[{"href":"https:\/\/tv.a11.cz\/api\/wp\/v2\/types\/post"}],"author":[{"embeddable":true,"href":"https:\/\/tv.a11.cz\/api\/wp\/v2\/users\/4"}],"replies":[{"embeddable":true,"href":"https:\/\/tv.a11.cz\/api\/wp\/v2\/comments?post=9824"}],"version-history":[{"count":2,"href":"https:\/\/tv.a11.cz\/api\/wp\/v2\/posts\/9824\/revisions"}],"predecessor-version":[{"id":9883,"href":"https:\/\/tv.a11.cz\/api\/wp\/v2\/posts\/9824\/revisions\/9883"}],"wp:featuredmedia":[{"embeddable":true,"href":"https:\/\/tv.a11.cz\/api\/wp\/v2\/media\/9884"}],"wp:attachment":[{"href":"https:\/\/tv.a11.cz\/api\/wp\/v2\/media?parent=9824"}],"wp:term":[{"taxonomy":"category","embeddable":true,"href":"https:\/\/tv.a11.cz\/api\/wp\/v2\/categories?post=9824"},{"taxonomy":"post_tag","embeddable":true,"href":"https:\/\/tv.a11.cz\/api\/wp\/v2\/tags?post=9824"},{"taxonomy":"porad","embeddable":true,"href":"https:\/\/tv.a11.cz\/api\/wp\/v2\/porad?post=9824"},{"taxonomy":"region","embeddable":true,"href":"https:\/\/tv.a11.cz\/api\/wp\/v2\/region?post=9824"}],"curies":[{"name":"wp","href":"https:\/\/api.w.org\/{rel}","templated":true}]}}