{"id":962,"date":"2023-02-07T16:14:12","date_gmt":"2023-02-07T15:14:12","guid":{"rendered":"https:\/\/tv.a11.cz\/?p=962"},"modified":"2023-02-09T16:44:11","modified_gmt":"2023-02-09T15:44:11","slug":"valasske-mezirici-kratke-zpravy-7-2-2023","status":"publish","type":"post","link":"https:\/\/tv.a11.cz\/valasske-mezirici-kratke-zpravy-7-2-2023-962\/","title":{"rendered":"Kr\u00e1tk\u00e9 zpr\u00e1vy"},"content":{"rendered":"<p>\u010c\u00e1stkou 5 600 000 K\u010d podpo\u0159\u00ed v roce 2023 mezi\u0159\u00ed\u010dsk\u00e1 radnice sportovn\u00ed a volno\u010dasov\u00e9 aktivity. Rozhodli o tom zastupitel\u00e9 m\u011bsta na sv\u00e9m lednov\u00e9m zased\u00e1n\u00ed. Finan\u010dn\u00ed podporu z\u00edskaly sportovn\u00ed kluby spolky a odd\u00edly. V programu vzd\u011bl\u00e1v\u00e1n\u00ed z\u00edsk\u00e1 p\u0159\u00edsp\u011bvek na provoz Vala\u0161sk\u00e9 ekocentrum ochr\u00e1nc\u016f p\u0159\u00edrody.<\/p>\n<p>\u0158editelka Diakonie Vala\u0161sk\u00e9 Mezi\u0159\u00ed\u010d\u00ed Kv\u011btoslava Otov\u00e1 z\u00edskala presti\u017en\u00ed ocen\u011bn\u00ed mana\u017eer roku 2022 v n\u00e1rodn\u00ed cen\u011b soci\u00e1ln\u00edch slu\u017eeb. Slavnostn\u00ed akt se uskute\u010dnil 31.\u00a0ledna v Praze na Novom\u011bstsk\u00e9 radnici za \u00fa\u010dasti v\u00fdznamn\u00fdch host\u016f a m\u00edstostarosty Vala\u0161sk\u00e9ho Mezi\u0159\u00ed\u010d\u00ed Petra Nachtmana.<\/p>\n","protected":false},"excerpt":{"rendered":"<p>Jakou \u010d\u00e1stkou podpo\u0159\u00ed m\u011bsto volno\u010dasov\u00e9 aktivity a kdo z\u00edskal ocen\u011bn\u00ed mana\u017eer roku? Poslechn\u011bte si kr\u00e1tk\u00e9 aktuality z Velk\u00e9ho Mezi\u0159\u00ed\u010d\u00ed.<\/p>\n","protected":false},"author":4,"featured_media":964,"comment_status":"closed","ping_status":"closed","sticky":false,"template":"","format":"standard","meta":{"_acf_changed":false,"footnotes":""},"categories":[17],"tags":[],"porad":[],"region":[86,64],"class_list":["post-962","post","type-post","status-publish","format-standard","has-post-thumbnail","hentry","category-domaci","region-vsetinsko","region-zlinsky-kraj"],"acf":[],"meta_box":{"odeslat":[]},"_links":{"self":[{"href":"https:\/\/tv.a11.cz\/api\/wp\/v2\/posts\/962","targetHints":{"allow":["GET"]}}],"collection":[{"href":"https:\/\/tv.a11.cz\/api\/wp\/v2\/posts"}],"about":[{"href":"https:\/\/tv.a11.cz\/api\/wp\/v2\/types\/post"}],"author":[{"embeddable":true,"href":"https:\/\/tv.a11.cz\/api\/wp\/v2\/users\/4"}],"replies":[{"embeddable":true,"href":"https:\/\/tv.a11.cz\/api\/wp\/v2\/comments?post=962"}],"version-history":[{"count":3,"href":"https:\/\/tv.a11.cz\/api\/wp\/v2\/posts\/962\/revisions"}],"predecessor-version":[{"id":966,"href":"https:\/\/tv.a11.cz\/api\/wp\/v2\/posts\/962\/revisions\/966"}],"wp:featuredmedia":[{"embeddable":true,"href":"https:\/\/tv.a11.cz\/api\/wp\/v2\/media\/964"}],"wp:attachment":[{"href":"https:\/\/tv.a11.cz\/api\/wp\/v2\/media?parent=962"}],"wp:term":[{"taxonomy":"category","embeddable":true,"href":"https:\/\/tv.a11.cz\/api\/wp\/v2\/categories?post=962"},{"taxonomy":"post_tag","embeddable":true,"href":"https:\/\/tv.a11.cz\/api\/wp\/v2\/tags?post=962"},{"taxonomy":"porad","embeddable":true,"href":"https:\/\/tv.a11.cz\/api\/wp\/v2\/porad?post=962"},{"taxonomy":"region","embeddable":true,"href":"https:\/\/tv.a11.cz\/api\/wp\/v2\/region?post=962"}],"curies":[{"name":"wp","href":"https:\/\/api.w.org\/{rel}","templated":true}]}}