{"id":906,"date":"2023-02-03T13:16:12","date_gmt":"2023-02-03T12:16:12","guid":{"rendered":"https:\/\/tv.a11.cz\/?p=906"},"modified":"2023-02-06T17:47:32","modified_gmt":"2023-02-06T16:47:32","slug":"vsetin-galerie-stara-radnice-zve-na-spolecnou-vystavu-malirky-jitky-skockove-a-sklare-josefa-divina","status":"publish","type":"post","link":"https:\/\/tv.a11.cz\/vsetin-galerie-stara-radnice-zve-na-spolecnou-vystavu-malirky-jitky-skockove-a-sklare-josefa-divina-906\/","title":{"rendered":"Galerie Star\u00e1 radnice zve na jedine\u010dnou v\u00fdstavu"},"content":{"rendered":"<p>Zahajovac\u00ed vernis\u00e1\u017e se konala ve st\u0159edu 1. \u00fanora. Jitka Sko\u010dkov\u00e1, absolventka brn\u011bnsk\u00e9 fakulty v\u00fdtvarn\u00fdch um\u011bn\u00ed v ateli\u00e9ru malby prof. Ji\u0159\u00edho Na\u010deradsk\u00e9ho, tu vystavuje sv\u00e9 obrazy z n\u011bkolika cykl\u016f.<\/p>\n<p>Vystaven\u00e9 obrazy Jitky z Ko\u010dkov\u00e9 vala\u0161skomezi\u0159\u00ed\u010dsk\u00e9 roda\u010dky jsou z obdob\u00ed posledn\u00edch sedmi let. Jednotliv\u00e9 cykly jsou jasn\u011b v\u00fdtvarn\u011b vymezen\u00e9. Jedna ze s\u00e9ri\u00ed zobrazuje momentky z vala\u0161sk\u00e9ho mezi\u0159\u00ed\u010d\u00ed, dal\u0161\u00ed m\u00e1 islandskou tematiku a posledn\u00ed jsou grafick\u00e9 pr\u00e1ce a linoryty. Na vset\u00ednsk\u00e9 v\u00fdstav\u011b je k vid\u011bn\u00ed i jej\u00ed posledn\u00ed obraz T\u0159i gr\u00e1cie nad soutokem Be\u010dev.<br \/>\nJosef Div\u00edn, skl\u00e1\u0159sk\u00fd v\u00fdtvarn\u00edk a pedagog st\u0159edn\u00ed um\u011bleckopr\u016fmyslov\u00e9 \u0161koly skl\u00e1\u0159sk\u00e9 ve Vala\u0161sk\u00e9m Mezi\u0159\u00ed\u010d\u00ed vystavuje s\u00e9rii sv\u00fdch sklen\u011bn\u00fdch n\u00e1dob. Jedn\u00e1 se o n\u00e1doby foukan\u00e9 z voln\u00e9 ruky se speci\u00e1ln\u00ed vlastnost\u00ed, a to nataven\u00fdm st\u0159\u00edbrem.<\/p>\n<p>Spole\u010dn\u00e1 v\u00fdstava obou um\u011blc\u016f, kter\u00e9 mimo jin\u00e9 spojuje tak\u00e9 n\u011bkdej\u0161\u00ed i sou\u010dasn\u00e9 p\u016fsoben\u00ed na st\u0159edn\u00ed um\u011bleckopr\u016fmyslov\u00e9 \u0161kole skl\u00e1\u0159sk\u00e9 ve Vala\u0161sk\u00e9 Mezi\u0159\u00ed\u010d\u00ed, bude v galerii Star\u00e1 radnice k vid\u011bn\u00ed do 5.\u00a0b\u0159ezna.<\/p>\n","protected":false},"excerpt":{"rendered":"<p>Spole\u010dn\u00e1 v\u00fdstava mal\u00ed\u0159ky Jitky Sko\u010dkov\u00e9 a skl\u00e1\u0159e Josefa Div\u00edna je nyn\u00ed k vid\u011bn\u00ed ve vset\u00ednsk\u00e9 galerii Star\u00e1 radnice.<\/p>\n","protected":false},"author":4,"featured_media":908,"comment_status":"closed","ping_status":"closed","sticky":false,"template":"","format":"standard","meta":{"_acf_changed":false,"footnotes":""},"categories":[17,21],"tags":[],"porad":[],"region":[86,64],"class_list":["post-906","post","type-post","status-publish","format-standard","has-post-thumbnail","hentry","category-domaci","category-kultura","region-vsetinsko","region-zlinsky-kraj"],"acf":[],"meta_box":{"odeslat":[]},"_links":{"self":[{"href":"https:\/\/tv.a11.cz\/api\/wp\/v2\/posts\/906","targetHints":{"allow":["GET"]}}],"collection":[{"href":"https:\/\/tv.a11.cz\/api\/wp\/v2\/posts"}],"about":[{"href":"https:\/\/tv.a11.cz\/api\/wp\/v2\/types\/post"}],"author":[{"embeddable":true,"href":"https:\/\/tv.a11.cz\/api\/wp\/v2\/users\/4"}],"replies":[{"embeddable":true,"href":"https:\/\/tv.a11.cz\/api\/wp\/v2\/comments?post=906"}],"version-history":[{"count":5,"href":"https:\/\/tv.a11.cz\/api\/wp\/v2\/posts\/906\/revisions"}],"predecessor-version":[{"id":915,"href":"https:\/\/tv.a11.cz\/api\/wp\/v2\/posts\/906\/revisions\/915"}],"wp:featuredmedia":[{"embeddable":true,"href":"https:\/\/tv.a11.cz\/api\/wp\/v2\/media\/908"}],"wp:attachment":[{"href":"https:\/\/tv.a11.cz\/api\/wp\/v2\/media?parent=906"}],"wp:term":[{"taxonomy":"category","embeddable":true,"href":"https:\/\/tv.a11.cz\/api\/wp\/v2\/categories?post=906"},{"taxonomy":"post_tag","embeddable":true,"href":"https:\/\/tv.a11.cz\/api\/wp\/v2\/tags?post=906"},{"taxonomy":"porad","embeddable":true,"href":"https:\/\/tv.a11.cz\/api\/wp\/v2\/porad?post=906"},{"taxonomy":"region","embeddable":true,"href":"https:\/\/tv.a11.cz\/api\/wp\/v2\/region?post=906"}],"curies":[{"name":"wp","href":"https:\/\/api.w.org\/{rel}","templated":true}]}}