{"id":896,"date":"2023-02-03T12:32:56","date_gmt":"2023-02-03T11:32:56","guid":{"rendered":"https:\/\/tv.a11.cz\/?p=896"},"modified":"2023-02-06T12:51:45","modified_gmt":"2023-02-06T11:51:45","slug":"vsetin-na-sychrove-vari-v-novem","status":"publish","type":"post","link":"https:\/\/tv.a11.cz\/vsetin-na-sychrove-vari-v-novem-896\/","title":{"rendered":"Na Sychrov\u011b va\u0159\u00ed v nov\u00e9m"},"content":{"rendered":"<p>Kuchy\u0148 i j\u00eddelna byly ve zku\u0161ebn\u00edm provozu u\u017e od \u0159\u00edjna minul\u00e9ho roku. Celkov\u00e1 renovace zahrnovala opravu j\u00eddelny a kuchyn\u011b, modernizaci v\u010detn\u011b vybaven\u00ed, opravu st\u0159echy, novou fas\u00e1du a instalaci \u017ealuzi\u00ed.<\/p>\n<p>V pr\u016fb\u011bhu zku\u0161ebn\u00edho provozu kuchyn\u011b a j\u00eddelny se dokon\u010dovaly pr\u00e1ce na obvodov\u00e9m pl\u00e1\u0161ti pavilonu. Kompletn\u011b ostr\u00fd provoz po dokon\u010den\u00ed v\u0161ech prac\u00ed za\u010dal 9. ledna leto\u0161n\u00edho roku. J\u00eddelna nab\u00edz\u00ed na v\u00fdb\u011br ze dvou j\u00eddel a odezva na celkovou rekonstrukci je velice dobr\u00e1. \u017d\u00e1ci si chod\u00ed v\u00edce p\u0159id\u00e1vat, co\u017e samoz\u0159ejm\u011b t\u011b\u0161\u00ed p\u0159edev\u0161\u00edm pan\u00ed kucha\u0159ky.<\/p>\n<p>Kuchy\u0148 va\u0159\u00ed i pro mimo\u0161koln\u00ed str\u00e1vn\u00edky, kter\u00fdch ka\u017ed\u00fdm dnem p\u0159ib\u00fdv\u00e1. A s t\u00edm souvis\u00ed i dal\u0161\u00ed investice, kter\u00e1 by se tu letos m\u011bla je\u0161t\u011b realizovat. Zmodernizovat by se m\u011bl pr\u00e1v\u011b v\u00fddej pro ciz\u00ed str\u00e1vn\u00edky, kte\u0159\u00ed budou vyu\u017e\u00edvat nerezov\u00e9 nosi\u010de, kter\u00e9 se budou m\u011bnit kus za kus p\u0159\u00edmo u j\u00eddelny ve speci\u00e1ln\u00ed m\u00edstnosti.<\/p>\n<p>Investice by m\u011bla p\u0159ij\u00edt radnici na p\u0159ibli\u017en\u011b 1 milion korun. Aktu\u00e1ln\u011b veden\u00ed radnice je\u0161t\u011b jedn\u00e1 o dal\u0161\u00edm po\u017eadavku hygieny, a to instalaci p\u0159\u00edstroje na rychl\u00e9 zmrazov\u00e1n\u00ed potravin.\u00a0 P\u0159\u00edstroj samotn\u00fd ale vych\u00e1z\u00ed na 1 milion korun, proto je tento krok je\u0161t\u011b v jedn\u00e1n\u00ed.<\/p>\n<p>Na slavnostn\u00edm p\u0159ed\u00e1n\u00ed j\u00eddelny do provozu pod\u011bkoval starosta m\u011bsta Ji\u0159\u00ed \u010cunek, a to p\u0159edchoz\u00edmu veden\u00ed radnice, kter\u00e9mu se n\u00e1ro\u010dnou rekonstrukci poda\u0159ilo prosadit.<\/p>\n","protected":false},"excerpt":{"rendered":"<p>Slavnostn\u00edm p\u0159est\u0159i\u017een\u00edm p\u00e1sky byla 30. ledna ukon\u010dena rekonstrukce pavilonu j\u00eddelny a kuchyn\u011b vset\u00ednsk\u00e9 z\u00e1kladn\u00ed \u0161koly na Sychrov\u011b.<\/p>\n","protected":false},"author":4,"featured_media":898,"comment_status":"closed","ping_status":"closed","sticky":false,"template":"","format":"standard","meta":{"_acf_changed":false,"footnotes":""},"categories":[17,25],"tags":[],"porad":[],"region":[86,64],"class_list":["post-896","post","type-post","status-publish","format-standard","has-post-thumbnail","hentry","category-domaci","category-vzdelavani","region-vsetinsko","region-zlinsky-kraj"],"acf":[],"meta_box":{"odeslat":[]},"_links":{"self":[{"href":"https:\/\/tv.a11.cz\/api\/wp\/v2\/posts\/896","targetHints":{"allow":["GET"]}}],"collection":[{"href":"https:\/\/tv.a11.cz\/api\/wp\/v2\/posts"}],"about":[{"href":"https:\/\/tv.a11.cz\/api\/wp\/v2\/types\/post"}],"author":[{"embeddable":true,"href":"https:\/\/tv.a11.cz\/api\/wp\/v2\/users\/4"}],"replies":[{"embeddable":true,"href":"https:\/\/tv.a11.cz\/api\/wp\/v2\/comments?post=896"}],"version-history":[{"count":2,"href":"https:\/\/tv.a11.cz\/api\/wp\/v2\/posts\/896\/revisions"}],"predecessor-version":[{"id":899,"href":"https:\/\/tv.a11.cz\/api\/wp\/v2\/posts\/896\/revisions\/899"}],"wp:featuredmedia":[{"embeddable":true,"href":"https:\/\/tv.a11.cz\/api\/wp\/v2\/media\/898"}],"wp:attachment":[{"href":"https:\/\/tv.a11.cz\/api\/wp\/v2\/media?parent=896"}],"wp:term":[{"taxonomy":"category","embeddable":true,"href":"https:\/\/tv.a11.cz\/api\/wp\/v2\/categories?post=896"},{"taxonomy":"post_tag","embeddable":true,"href":"https:\/\/tv.a11.cz\/api\/wp\/v2\/tags?post=896"},{"taxonomy":"porad","embeddable":true,"href":"https:\/\/tv.a11.cz\/api\/wp\/v2\/porad?post=896"},{"taxonomy":"region","embeddable":true,"href":"https:\/\/tv.a11.cz\/api\/wp\/v2\/region?post=896"}],"curies":[{"name":"wp","href":"https:\/\/api.w.org\/{rel}","templated":true}]}}