{"id":889,"date":"2023-02-03T19:52:08","date_gmt":"2023-02-03T18:52:08","guid":{"rendered":"https:\/\/tv.a11.cz\/?p=889"},"modified":"2023-02-03T19:54:43","modified_gmt":"2023-02-03T18:54:43","slug":"vsetin-navrhnete-na-oceneni-osobnosti-neziskoveho-sektoru","status":"publish","type":"post","link":"https:\/\/tv.a11.cz\/vsetin-navrhnete-na-oceneni-osobnosti-neziskoveho-sektoru-889\/","title":{"rendered":"Navrhn\u011bte osobnost na ocen\u011bn\u00ed v neziskov\u00e9m sektoru"},"content":{"rendered":"<p>Vset\u00ednsk\u00e1 radnice i letos ocen\u00ed osobnosti neziskov\u00e9ho sektoru. Do 14. \u00fanora m\u016f\u017eete poslat n\u00e1vrhy na toto ji\u017e tradi\u010dn\u00ed ocen\u011bn\u00ed, kter\u00fdm m\u016f\u017eeme pod\u011bkovat t\u011bm, kte\u0159\u00ed se dlouhodob\u011b pod\u00edlej\u00ed na budov\u00e1n\u00ed a rozvoji ob\u010dansk\u00e9 spole\u010dnosti. Nominace se t\u00fdk\u00e1 i firem a podnikatel\u016f, kte\u0159\u00ed pom\u00e1haj\u00ed okol\u00ed a p\u0159isp\u00edvaj\u00ed k udr\u017een\u00ed a r\u016fstu tohoto odv\u011btv\u00ed.<\/p>\n<p>Ocen\u011bn\u00ed m\u016f\u017ee b\u00fdt ud\u011bleno osobnosti z oblasti soci\u00e1ln\u00ed kultury, sportu nebo obecn\u011b prosp\u011b\u0161n\u00fdch aktivit. V oblasti d\u00e1rcovstv\u00ed a dobro\u010dinnosti je ud\u011blov\u00e1na cena za firemn\u00ed filantropii.<\/p>\n<p>Nominace lze zas\u00edlat v p\u00edsemn\u00e9 nebo elektronick\u00e9 podob\u011b na odbor \u0161kolstv\u00ed a kultury m\u011bstsk\u00e9ho \u00fa\u0159adu Vset\u00edn. Dal\u0161\u00ed informace jsou k nalezen\u00ed na webov\u00fdch str\u00e1nk\u00e1ch m\u011bsta Vset\u00edna.<\/p>\n","protected":false},"excerpt":{"rendered":"<p>Pokud zn\u00e1te ve sv\u00e9m okol\u00ed \u010dlov\u011bka, kter\u00fd v\u011bnuje \u010das a energii druh\u00fdm, nominujte jen na ocen\u011bn\u00ed za p\u0159\u00ednos v neziskov\u00e9m sektoru. <\/p>\n","protected":false},"author":4,"featured_media":892,"comment_status":"closed","ping_status":"closed","sticky":false,"template":"","format":"standard","meta":{"_acf_changed":false,"footnotes":""},"categories":[17],"tags":[],"porad":[],"region":[86,64],"class_list":["post-889","post","type-post","status-publish","format-standard","has-post-thumbnail","hentry","category-domaci","region-vsetinsko","region-zlinsky-kraj"],"acf":[],"meta_box":{"odeslat":[]},"_links":{"self":[{"href":"https:\/\/tv.a11.cz\/api\/wp\/v2\/posts\/889","targetHints":{"allow":["GET"]}}],"collection":[{"href":"https:\/\/tv.a11.cz\/api\/wp\/v2\/posts"}],"about":[{"href":"https:\/\/tv.a11.cz\/api\/wp\/v2\/types\/post"}],"author":[{"embeddable":true,"href":"https:\/\/tv.a11.cz\/api\/wp\/v2\/users\/4"}],"replies":[{"embeddable":true,"href":"https:\/\/tv.a11.cz\/api\/wp\/v2\/comments?post=889"}],"version-history":[{"count":4,"href":"https:\/\/tv.a11.cz\/api\/wp\/v2\/posts\/889\/revisions"}],"predecessor-version":[{"id":894,"href":"https:\/\/tv.a11.cz\/api\/wp\/v2\/posts\/889\/revisions\/894"}],"wp:featuredmedia":[{"embeddable":true,"href":"https:\/\/tv.a11.cz\/api\/wp\/v2\/media\/892"}],"wp:attachment":[{"href":"https:\/\/tv.a11.cz\/api\/wp\/v2\/media?parent=889"}],"wp:term":[{"taxonomy":"category","embeddable":true,"href":"https:\/\/tv.a11.cz\/api\/wp\/v2\/categories?post=889"},{"taxonomy":"post_tag","embeddable":true,"href":"https:\/\/tv.a11.cz\/api\/wp\/v2\/tags?post=889"},{"taxonomy":"porad","embeddable":true,"href":"https:\/\/tv.a11.cz\/api\/wp\/v2\/porad?post=889"},{"taxonomy":"region","embeddable":true,"href":"https:\/\/tv.a11.cz\/api\/wp\/v2\/region?post=889"}],"curies":[{"name":"wp","href":"https:\/\/api.w.org\/{rel}","templated":true}]}}