{"id":846,"date":"2023-01-31T09:21:19","date_gmt":"2023-01-31T08:21:19","guid":{"rendered":"https:\/\/tv.a11.cz\/?p=846"},"modified":"2023-02-02T09:30:38","modified_gmt":"2023-02-02T08:30:38","slug":"vsetin-volbu-prezidenta-vyhral-i-na-valassku-petr-pavel","status":"publish","type":"post","link":"https:\/\/tv.a11.cz\/vsetin-volbu-prezidenta-vyhral-i-na-valassku-petr-pavel-846\/","title":{"rendered":"Volbu prezidenta vyhr\u00e1l na Vala\u0161sku Petr Pavel"},"content":{"rendered":"<p>Nejv\u00edce hlas\u016f v druh\u00e9m kole voleb z\u00edskal Petr Pavel a byl tak zvolen do funkce prezidenta \u010cesk\u00e9 republiky. To, jak se v druh\u00e9m a prvn\u00edm kole volilo v nejv\u011bt\u0161\u00edch Vala\u0161sk\u00fdch m\u011bstech, jsme hledali ve statistik\u00e1ch Vset\u00edn.<\/p>\n<p>Volebn\u00ed \u00fa\u010dast ve Vset\u00edn\u011b se zvedla z 65,12\u00a0% v prvn\u00edm kole na 67,65\u00a0%. K urn\u00e1m tedy dorazilo o 378 voli\u010d\u016f v\u00edce. Celkem bylo odevzd\u00e1no 13\u00a0526 platn\u00fdch hlas\u016f.<br \/>\nPetr Pavel z\u00edskal v druh\u00e9m kole od vset\u00ednsk\u00fdch voli\u010d\u016f 7 698 hlas\u016f a s 59,91% vyhr\u00e1l. Zisk hlas\u016f oproti prvn\u00edmu kolu nav\u00fd\u0161il o 3381. Po prvn\u00edm kole voleb prohr\u00e1val u vset\u00ednsk\u00fdch s Andrejem Babi\u0161em o 137 hlas\u016f.<\/p>\n<p>Z\u00e1jem o volby ve Vala\u0161sk\u00e9m Mezi\u0159\u00ed\u010d\u00ed se oproti prvn\u00edmu kolu zvedl je\u0161t\u011b v\u00edc ne\u017e ve Vset\u00edn\u011b a k urn\u00e1m tu dorazilo celkem 11\u00a0995 voli\u010d\u016f, co\u017e bylo o 349 v\u00edc ne\u017e v prvn\u00edm kole. Tady Petr Pavel v prvn\u00edm kole z\u016fstal za Andrejem Babi\u0161em o 339 hlas\u016f. Ve druh\u00e9m kole ho ov\u0161em dok\u00e1zal p\u0159edstihnout o 1568 hlas\u016f.<\/p>\n<p>Jedin\u00fdm vala\u0161sk\u00fdm m\u011bstem, kde Petr Pavel zv\u00edt\u011bzil v prvn\u00edm kole, byl Ro\u017enov pod Radho\u0161t\u011bm. I tady byla \u00fa\u010dast ve druh\u00e9m kole vy\u0161\u0161\u00ed. K urn\u00e1m dorazilo 8991 voli\u010d\u016f. Petr Pavel tu sv\u016fj volebn\u00ed potenci\u00e1l z prvn\u00edho kola nav\u00fd\u0161il o 2 394 hlas\u016f na celkov\u00fdch 5 554 a z\u00edskal 62,18 % hlas\u016f.<\/p>\n<p>Celkem Petra Pavla volilo ve t\u0159ech nejv\u011bt\u0161\u00edch Vala\u0161sk\u00fdch m\u011bstech 20\u00a0000 voli\u010d\u016f. Andreje Babi\u0161e volilo 14\u00a0385 voli\u010d\u016f.<\/p>\n","protected":false},"excerpt":{"rendered":"<p>\u010cesko zn\u00e1 v\u00edt\u011bze voleb \u010cesk\u00e9ho prezidenta. Zaj\u00edm\u00e1 v\u00e1s, jak se volilo v nejv\u011bt\u0161\u00edch Vala\u0161sk\u00fdch m\u011bstech?<\/p>\n","protected":false},"author":4,"featured_media":848,"comment_status":"closed","ping_status":"closed","sticky":false,"template":"","format":"standard","meta":{"_acf_changed":false,"footnotes":""},"categories":[17,20],"tags":[],"porad":[],"region":[86,64],"class_list":["post-846","post","type-post","status-publish","format-standard","has-post-thumbnail","hentry","category-domaci","category-politika","region-vsetinsko","region-zlinsky-kraj"],"acf":[],"meta_box":{"odeslat":[]},"_links":{"self":[{"href":"https:\/\/tv.a11.cz\/api\/wp\/v2\/posts\/846","targetHints":{"allow":["GET"]}}],"collection":[{"href":"https:\/\/tv.a11.cz\/api\/wp\/v2\/posts"}],"about":[{"href":"https:\/\/tv.a11.cz\/api\/wp\/v2\/types\/post"}],"author":[{"embeddable":true,"href":"https:\/\/tv.a11.cz\/api\/wp\/v2\/users\/4"}],"replies":[{"embeddable":true,"href":"https:\/\/tv.a11.cz\/api\/wp\/v2\/comments?post=846"}],"version-history":[{"count":3,"href":"https:\/\/tv.a11.cz\/api\/wp\/v2\/posts\/846\/revisions"}],"predecessor-version":[{"id":850,"href":"https:\/\/tv.a11.cz\/api\/wp\/v2\/posts\/846\/revisions\/850"}],"wp:featuredmedia":[{"embeddable":true,"href":"https:\/\/tv.a11.cz\/api\/wp\/v2\/media\/848"}],"wp:attachment":[{"href":"https:\/\/tv.a11.cz\/api\/wp\/v2\/media?parent=846"}],"wp:term":[{"taxonomy":"category","embeddable":true,"href":"https:\/\/tv.a11.cz\/api\/wp\/v2\/categories?post=846"},{"taxonomy":"post_tag","embeddable":true,"href":"https:\/\/tv.a11.cz\/api\/wp\/v2\/tags?post=846"},{"taxonomy":"porad","embeddable":true,"href":"https:\/\/tv.a11.cz\/api\/wp\/v2\/porad?post=846"},{"taxonomy":"region","embeddable":true,"href":"https:\/\/tv.a11.cz\/api\/wp\/v2\/region?post=846"}],"curies":[{"name":"wp","href":"https:\/\/api.w.org\/{rel}","templated":true}]}}