{"id":7695,"date":"2023-07-18T14:34:24","date_gmt":"2023-07-18T12:34:24","guid":{"rendered":"https:\/\/tv.a11.cz\/?p=7695"},"modified":"2023-07-18T14:34:24","modified_gmt":"2023-07-18T12:34:24","slug":"zakovska-prospechova-stipendia-pro-uspesne-studenty","status":"publish","type":"post","link":"https:\/\/tv.a11.cz\/zakovska-prospechova-stipendia-pro-uspesne-studenty-7695\/","title":{"rendered":"Strakonice ud\u011blovaly \u017e\u00e1kovsk\u00e1 prosp\u011bchov\u00e1 stipendia"},"content":{"rendered":"<p>Po t\u0159\u00edlet\u00e9 covidov\u00e9 pauze se strakonick\u00e1 radnice vr\u00e1tila k ud\u011blov\u00e1n\u00ed \u017e\u00e1kovsk\u00fdch prosp\u011bchov\u00fdch stipendi\u00ed ve v\u00fd\u0161i 500 K\u010d na \u017e\u00e1ka. N\u00e1rok na prosp\u011bchov\u00e9 stipendium m\u00e1 ten \u017e\u00e1k, kter\u00fd ve druh\u00e9m pololet\u00ed dan\u00e9ho \u0161koln\u00edho roku m\u011bl na vysv\u011bd\u010den\u00ed bu\u010f sam\u00e9 jedni\u010dky, nebo dos\u00e1hl v\u00fdrazn\u00e9ho zlep\u0161en\u00ed prosp\u011bchu.<br \/>\nOproti prvn\u00edmu pololet\u00ed bylo v Ryt\u00ed\u0159sk\u00e9m s\u00e1le hradu z rozpo\u010dtu m\u011bsta odm\u011bn\u011bno celkem 120 \u017e\u00e1k\u016f druh\u00e9ho stupn\u011b ze \u010dty\u0159 z\u00e1kladn\u00edch \u0161kol z\u0159izovan\u00fdch m\u011bstem Strakonice.<br \/>\nP\u0159esto\u017ee pravidla pro ud\u011blov\u00e1n\u00ed \u017e\u00e1kovsk\u00fdch stipendi\u00ed pamatuj\u00ed i na \u017e\u00e1ky s v\u00fdrazn\u00fdm zlep\u0161en\u00edm oproti prvn\u00edmu pololet\u00ed, tentokr\u00e1t se na n\u011b nedostalo. Do limitu 120 odm\u011bn\u011bn\u00fdch \u017e\u00e1k\u016f se ve\u0161li pouze sam\u00ed jedni\u010dk\u00e1\u0159i.<br \/>\nS n\u00e1padem ud\u00edlet \u017e\u00e1kovsk\u00e1 prosp\u011bchov\u00e1 stipendia p\u0159i\u0161el v roce 2016 tehdej\u0161\u00ed p\u0159edseda \u0161kolsk\u00e9 komise Jan Svoboda.<\/p>\n","protected":false},"excerpt":{"rendered":"<p>M\u00edt na vysv\u011bd\u010den\u00ed sam\u00e9 jedni\u010dky se ve Strakonic\u00edch vyplat\u00ed. I letos se tam ud\u011blovala prosp\u011bchov\u00e1 stipendia. Celkem bylo odm\u011bn\u011bno sto dvacet \u017e\u00e1k\u016f.<\/p>\n","protected":false},"author":4,"featured_media":7861,"comment_status":"closed","ping_status":"closed","sticky":false,"template":"","format":"standard","meta":{"_acf_changed":false,"footnotes":""},"categories":[17,25,157],"tags":[],"porad":[],"region":[52,83],"class_list":["post-7695","post","type-post","status-publish","format-standard","has-post-thumbnail","hentry","category-domaci","category-vzdelavani","category-zpravy","region-jihocesky-kraj","region-strakonicko"],"acf":[],"meta_box":{"odeslat":["nasregion"]},"_links":{"self":[{"href":"https:\/\/tv.a11.cz\/api\/wp\/v2\/posts\/7695","targetHints":{"allow":["GET"]}}],"collection":[{"href":"https:\/\/tv.a11.cz\/api\/wp\/v2\/posts"}],"about":[{"href":"https:\/\/tv.a11.cz\/api\/wp\/v2\/types\/post"}],"author":[{"embeddable":true,"href":"https:\/\/tv.a11.cz\/api\/wp\/v2\/users\/4"}],"replies":[{"embeddable":true,"href":"https:\/\/tv.a11.cz\/api\/wp\/v2\/comments?post=7695"}],"version-history":[{"count":2,"href":"https:\/\/tv.a11.cz\/api\/wp\/v2\/posts\/7695\/revisions"}],"predecessor-version":[{"id":7860,"href":"https:\/\/tv.a11.cz\/api\/wp\/v2\/posts\/7695\/revisions\/7860"}],"wp:featuredmedia":[{"embeddable":true,"href":"https:\/\/tv.a11.cz\/api\/wp\/v2\/media\/7861"}],"wp:attachment":[{"href":"https:\/\/tv.a11.cz\/api\/wp\/v2\/media?parent=7695"}],"wp:term":[{"taxonomy":"category","embeddable":true,"href":"https:\/\/tv.a11.cz\/api\/wp\/v2\/categories?post=7695"},{"taxonomy":"post_tag","embeddable":true,"href":"https:\/\/tv.a11.cz\/api\/wp\/v2\/tags?post=7695"},{"taxonomy":"porad","embeddable":true,"href":"https:\/\/tv.a11.cz\/api\/wp\/v2\/porad?post=7695"},{"taxonomy":"region","embeddable":true,"href":"https:\/\/tv.a11.cz\/api\/wp\/v2\/region?post=7695"}],"curies":[{"name":"wp","href":"https:\/\/api.w.org\/{rel}","templated":true}]}}