{"id":764,"date":"2023-01-26T10:25:13","date_gmt":"2023-01-26T09:25:13","guid":{"rendered":"https:\/\/tv.a11.cz\/?p=764"},"modified":"2023-03-15T18:31:25","modified_gmt":"2023-03-15T17:31:25","slug":"valasske-mezirici-pietni-akt-venovany-obetem-holokaustu-se-uskutecni-v-patek-27-ledna","status":"publish","type":"post","link":"https:\/\/tv.a11.cz\/valasske-mezirici-pietni-akt-venovany-obetem-holokaustu-se-uskutecni-v-patek-27-ledna-764\/","title":{"rendered":"Pietn\u00ed akt v\u011bnovan\u00fd ob\u011btem holokaustu"},"content":{"rendered":"<p>Ve Vala\u0161sk\u00e9m Mezi\u0159\u00ed\u010d\u00ed se uskute\u010dn\u00ed pietn\u00ed akt v\u011bnovan\u00fd ob\u011btem holocaustu u pam\u00e1tn\u00edku vybudovan\u00e9ho na Vodn\u00ed ulici v roce 2004. Lid\u00e9 si zde p\u0159ipomenou Mezin\u00e1rodn\u00ed den pam\u00e1tky ob\u011bt\u00ed holocaustu.<br \/>\nVzpom\u00ednku po\u0159\u00e1d\u00e1 \u010deskoslovensk\u00e1 obec legion\u00e1\u0159sk\u00e1 ve spolupr\u00e1ci s m\u011bstem Vala\u0161sk\u00e9 Mezi\u0159\u00ed\u010d\u00ed. Po polo\u017een\u00ed kv\u011btinov\u00fdch dar\u016f bude n\u00e1sledovat minuta ticha.<\/p>\n","protected":false},"excerpt":{"rendered":"<p>Pietn\u00ed akt v\u011bnovan\u00fd ob\u011btem holokaustu se uskute\u010dn\u00ed v p\u00e1tek 27. ledna v 16 hodin.<\/p>\n","protected":false},"author":4,"featured_media":765,"comment_status":"closed","ping_status":"closed","sticky":false,"template":"","format":"standard","meta":{"_acf_changed":false,"footnotes":""},"categories":[17,172],"tags":[],"porad":[],"region":[86,64],"class_list":["post-764","post","type-post","status-publish","format-standard","has-post-thumbnail","hentry","category-domaci","category-historie","region-vsetinsko","region-zlinsky-kraj"],"acf":[],"meta_box":{"odeslat":[]},"_links":{"self":[{"href":"https:\/\/tv.a11.cz\/api\/wp\/v2\/posts\/764","targetHints":{"allow":["GET"]}}],"collection":[{"href":"https:\/\/tv.a11.cz\/api\/wp\/v2\/posts"}],"about":[{"href":"https:\/\/tv.a11.cz\/api\/wp\/v2\/types\/post"}],"author":[{"embeddable":true,"href":"https:\/\/tv.a11.cz\/api\/wp\/v2\/users\/4"}],"replies":[{"embeddable":true,"href":"https:\/\/tv.a11.cz\/api\/wp\/v2\/comments?post=764"}],"version-history":[{"count":1,"href":"https:\/\/tv.a11.cz\/api\/wp\/v2\/posts\/764\/revisions"}],"predecessor-version":[{"id":766,"href":"https:\/\/tv.a11.cz\/api\/wp\/v2\/posts\/764\/revisions\/766"}],"wp:featuredmedia":[{"embeddable":true,"href":"https:\/\/tv.a11.cz\/api\/wp\/v2\/media\/765"}],"wp:attachment":[{"href":"https:\/\/tv.a11.cz\/api\/wp\/v2\/media?parent=764"}],"wp:term":[{"taxonomy":"category","embeddable":true,"href":"https:\/\/tv.a11.cz\/api\/wp\/v2\/categories?post=764"},{"taxonomy":"post_tag","embeddable":true,"href":"https:\/\/tv.a11.cz\/api\/wp\/v2\/tags?post=764"},{"taxonomy":"porad","embeddable":true,"href":"https:\/\/tv.a11.cz\/api\/wp\/v2\/porad?post=764"},{"taxonomy":"region","embeddable":true,"href":"https:\/\/tv.a11.cz\/api\/wp\/v2\/region?post=764"}],"curies":[{"name":"wp","href":"https:\/\/api.w.org\/{rel}","templated":true}]}}