{"id":7521,"date":"2023-07-16T16:08:21","date_gmt":"2023-07-16T14:08:21","guid":{"rendered":"https:\/\/tv.a11.cz\/?p=7521"},"modified":"2023-07-16T16:08:21","modified_gmt":"2023-07-16T14:08:21","slug":"devataci-ze-zs-havlickova-se-rozloucili-se-skolou-na-zahradni-slavnosti","status":"publish","type":"post","link":"https:\/\/tv.a11.cz\/devataci-ze-zs-havlickova-se-rozloucili-se-skolou-na-zahradni-slavnosti-7521\/","title":{"rendered":"Dev\u00e1\u0165\u00e1ci z Litom\u011b\u0159ic  se rozlou\u010dili se \u0161kolou"},"content":{"rendered":"<p>Tak\u00e9 letos uspo\u0159\u00e1dala litom\u011b\u0159ick\u00e1 z\u00e1kladn\u00ed \u0161kola Havl\u00ed\u010dkova pro sv\u00e9 dev\u00e1\u0165\u00e1ky na z\u00e1v\u011br \u0161koln\u00edho roku zahradn\u00ed slavnost, na kter\u00e9 se d\u011bti p\u0159ed vstupem do nov\u00e9 \u017eivotn\u00ed etapy mohly s kantory i spolu\u017e\u00e1ky d\u016fstojn\u011b rozlou\u010dit. Vzpom\u00ednat na z\u00e1kladku pr\u00fd leto\u0161n\u00ed dev\u00e1\u0165\u00e1ci ur\u010dit\u011b budou. Jen se pochopiteln\u011b nemohli shodnout na tom, co vlastn\u011b bylo na Havl\u00ed\u010dkovce nejlep\u0161\u00ed.<br \/>\nI p\u0159esto, \u017ee z\u00e1kladn\u00ed \u0161kola Havl\u00ed\u010dkova letos do sv\u011bta vypustila dv\u011b t\u0159\u00eddy absolvent\u016f, na zahradn\u00ed slavnosti se s n\u00ed lou\u010dilo pouze 31 \u017e\u00e1k\u016f. \u0160kola toti\u017e db\u00e1 na ni\u017e\u0161\u00ed po\u010det \u017e\u00e1k\u016f ve t\u0159\u00edd\u00e1ch.<\/p>\n","protected":false},"excerpt":{"rendered":"<p>Celkem t\u0159icet jedna \u017e\u00e1k\u016f se lou\u010dilo se z\u00e1kladn\u00ed \u0161kolou, u\u010diteli a spolu\u017e\u00e1ky. Zahradn\u00ed slavnost je na z\u00e1kladn\u00ed \u0161kole Havl\u00ed\u010dkova ji\u017e tradic\u00ed.<\/p>\n","protected":false},"author":4,"featured_media":7735,"comment_status":"closed","ping_status":"closed","sticky":false,"template":"","format":"standard","meta":{"_acf_changed":false,"footnotes":""},"categories":[17,25,157],"tags":[],"porad":[],"region":[93,63],"class_list":["post-7521","post","type-post","status-publish","format-standard","has-post-thumbnail","hentry","category-domaci","category-vzdelavani","category-zpravy","region-litomericko","region-ustecky-kraj"],"acf":[],"meta_box":{"odeslat":["nasregion"]},"_links":{"self":[{"href":"https:\/\/tv.a11.cz\/api\/wp\/v2\/posts\/7521","targetHints":{"allow":["GET"]}}],"collection":[{"href":"https:\/\/tv.a11.cz\/api\/wp\/v2\/posts"}],"about":[{"href":"https:\/\/tv.a11.cz\/api\/wp\/v2\/types\/post"}],"author":[{"embeddable":true,"href":"https:\/\/tv.a11.cz\/api\/wp\/v2\/users\/4"}],"replies":[{"embeddable":true,"href":"https:\/\/tv.a11.cz\/api\/wp\/v2\/comments?post=7521"}],"version-history":[{"count":3,"href":"https:\/\/tv.a11.cz\/api\/wp\/v2\/posts\/7521\/revisions"}],"predecessor-version":[{"id":7734,"href":"https:\/\/tv.a11.cz\/api\/wp\/v2\/posts\/7521\/revisions\/7734"}],"wp:featuredmedia":[{"embeddable":true,"href":"https:\/\/tv.a11.cz\/api\/wp\/v2\/media\/7735"}],"wp:attachment":[{"href":"https:\/\/tv.a11.cz\/api\/wp\/v2\/media?parent=7521"}],"wp:term":[{"taxonomy":"category","embeddable":true,"href":"https:\/\/tv.a11.cz\/api\/wp\/v2\/categories?post=7521"},{"taxonomy":"post_tag","embeddable":true,"href":"https:\/\/tv.a11.cz\/api\/wp\/v2\/tags?post=7521"},{"taxonomy":"porad","embeddable":true,"href":"https:\/\/tv.a11.cz\/api\/wp\/v2\/porad?post=7521"},{"taxonomy":"region","embeddable":true,"href":"https:\/\/tv.a11.cz\/api\/wp\/v2\/region?post=7521"}],"curies":[{"name":"wp","href":"https:\/\/api.w.org\/{rel}","templated":true}]}}