{"id":7207,"date":"2023-07-13T10:13:19","date_gmt":"2023-07-13T08:13:19","guid":{"rendered":"https:\/\/tv.a11.cz\/?p=7207"},"modified":"2023-07-13T10:13:19","modified_gmt":"2023-07-13T08:13:19","slug":"desiva-honicka-dvou-ridicu-v-ulicich-brna","status":"publish","type":"post","link":"https:\/\/tv.a11.cz\/desiva-honicka-dvou-ridicu-v-ulicich-brna-7207\/","title":{"rendered":"Honi\u010dka dvou \u0159idi\u010d\u016f v Brn\u011b m\u011bla n\u00e1sledky"},"content":{"rendered":"<div class=\"entry-content\">\n<p>Brno za\u017eilo \u0161\u00edlenou honi\u010dku. Dva mlad\u00edci v BMW si spletli ulice se z\u00e1vodn\u00ed dr\u00e1hou formule jedna. P\u0159itom doslova smetli motork\u00e1\u0159e a ujeli. Po n\u00e1razu byl motork\u00e1\u0159 prudce vymr\u0161t\u011bn do vzduchu. P\u0159ivolan\u00ed zdravotn\u00edci jej n\u00e1sledn\u011b urgentn\u011b transportovali do nemocnice. Ani sra\u017een\u00fd motork\u00e1\u0159 v\u0161ak \u0159idi\u010de nezastavil a ve zb\u011bsil\u00e9 honi\u010dce ulicemi Brna pokra\u010dovali.<br \/>\nP\u0159\u00edpad je brn\u011bnsk\u00fdmi policisty pro\u0161et\u0159ov\u00e1n pro podez\u0159en\u00ed ze sp\u00e1ch\u00e1n\u00ed trestn\u00e9ho \u010dinu t\u011b\u017ek\u00e9ho ubl\u00ed\u017een\u00ed na zdrav\u00ed.<br \/>\nV souvislosti s t\u00edmto p\u0159\u00edpadem \u017e\u00e1daj\u00ed brn\u011bn\u0161t\u00ed policist\u00e9 v\u0161echny ob\u010dany, kte\u0159\u00ed byli nebezpe\u010dnou j\u00edzdou obou mlad\u00edk\u016f ohro\u017eeni, aby se neprodlen\u011b ozvali na t\u00eds\u0148ovou linku 158.<br \/>\nPolicist\u00e9 p\u0159itom uv\u00edtaj\u00ed kamerov\u00e9 z\u00e1znamy z palubn\u00edch kamer proj\u00ed\u017ed\u011bj\u00edc\u00edch \u0159idi\u010d\u016f. Jeden z provinil\u00fdch \u0159idi\u010d\u016f m\u011bl v sob\u011b podle policie kokain a marihuanu.<\/p>\n<\/div>\n","protected":false},"excerpt":{"rendered":"<p>Brno se na chv\u00edli stalo z\u00e1vodn\u00ed dr\u00e1hou dvou mlad\u00fdch \u0159idi\u010d\u016f. Jejich bezohledn\u00e1 j\u00edzda nesla bohu\u017eel n\u00e1sledky a sra\u017een\u00fd motork\u00e1\u0159 musel b\u00fdt p\u0159evezen do nemocnice. Od za\u010d\u00e1tku pr\u00e1zdnin se stalo na jihomoravsk\u00fdch silnic\u00edch u\u017e celkem 140 dopravn\u00edch nehod.<\/p>\n","protected":false},"author":4,"featured_media":7417,"comment_status":"closed","ping_status":"closed","sticky":false,"template":"","format":"standard","meta":{"_acf_changed":false,"footnotes":""},"categories":[17,164,163,157],"tags":[],"porad":[],"region":[134,53],"class_list":["post-7207","post","type-post","status-publish","format-standard","has-post-thumbnail","hentry","category-domaci","category-nehody","category-stalo-se","category-zpravy","region-brnensko","region-jihomoravsky-kraj"],"acf":[],"meta_box":{"odeslat":["nasregion"]},"_links":{"self":[{"href":"https:\/\/tv.a11.cz\/api\/wp\/v2\/posts\/7207","targetHints":{"allow":["GET"]}}],"collection":[{"href":"https:\/\/tv.a11.cz\/api\/wp\/v2\/posts"}],"about":[{"href":"https:\/\/tv.a11.cz\/api\/wp\/v2\/types\/post"}],"author":[{"embeddable":true,"href":"https:\/\/tv.a11.cz\/api\/wp\/v2\/users\/4"}],"replies":[{"embeddable":true,"href":"https:\/\/tv.a11.cz\/api\/wp\/v2\/comments?post=7207"}],"version-history":[{"count":4,"href":"https:\/\/tv.a11.cz\/api\/wp\/v2\/posts\/7207\/revisions"}],"predecessor-version":[{"id":7418,"href":"https:\/\/tv.a11.cz\/api\/wp\/v2\/posts\/7207\/revisions\/7418"}],"wp:featuredmedia":[{"embeddable":true,"href":"https:\/\/tv.a11.cz\/api\/wp\/v2\/media\/7417"}],"wp:attachment":[{"href":"https:\/\/tv.a11.cz\/api\/wp\/v2\/media?parent=7207"}],"wp:term":[{"taxonomy":"category","embeddable":true,"href":"https:\/\/tv.a11.cz\/api\/wp\/v2\/categories?post=7207"},{"taxonomy":"post_tag","embeddable":true,"href":"https:\/\/tv.a11.cz\/api\/wp\/v2\/tags?post=7207"},{"taxonomy":"porad","embeddable":true,"href":"https:\/\/tv.a11.cz\/api\/wp\/v2\/porad?post=7207"},{"taxonomy":"region","embeddable":true,"href":"https:\/\/tv.a11.cz\/api\/wp\/v2\/region?post=7207"}],"curies":[{"name":"wp","href":"https:\/\/api.w.org\/{rel}","templated":true}]}}