{"id":691,"date":"2023-01-20T12:22:49","date_gmt":"2023-01-20T11:22:49","guid":{"rendered":"https:\/\/tv.a11.cz\/?p=691"},"modified":"2023-02-09T16:47:14","modified_gmt":"2023-02-09T15:47:14","slug":"valasske-mezirici-ceny-mesta-a-starosty-jsou-rozdany","status":"publish","type":"post","link":"https:\/\/tv.a11.cz\/valasske-mezirici-ceny-mesta-a-starosty-jsou-rozdany-691\/","title":{"rendered":"Ceny m\u011bsta a starosty jsou rozd\u00e1ny"},"content":{"rendered":"<p>Mimo\u0159\u00e1dn\u00e9 setk\u00e1n\u00ed se konalo ve velk\u00e9m s\u00e1le kulturn\u00edho za\u0159\u00edzen\u00ed a v\u0161e prob\u00edhalo podobn\u011b jako v letech minul\u00fdch. Div\u00e1ci si vychutnali prom\u00edtnut\u00ed medailonku ocen\u011bn\u00e9ho, rozhovor s moder\u00e1torkou na p\u00f3diu a pot\u00e9 p\u0159ed\u00e1n\u00ed ocen\u011bn\u00ed z rukou veden\u00ed m\u011bsta.<br \/>\nCenu m\u011bsta obdr\u017eel v\u00fdznamn\u00fd skl\u00e1\u0159sk\u00fd v\u00fdtvarn\u00edk design\u00e9r a pedagog Josef Div\u00edn za vynikaj\u00edc\u00ed tvorbu v oblasti skl\u00e1\u0159stv\u00ed a \u0161\u00ed\u0159en\u00ed v\u011bhlasu um\u011bleck\u00e9ho \u0161kolstv\u00ed Vala\u0161sk\u00e9ho Mezi\u0159\u00ed\u010d\u00ed v \u010cesk\u00e9 republice a v zahrani\u010d\u00ed.<br \/>\nDo k\u0159esla pro hosty usedli tak\u00e9 Jaroslav Ber\u00e1nek a Vladislav Hrom\u00e1dka. \u010cerstv\u00ed nositel\u00e9 ceny starosty m\u011bsta za mimo\u0159\u00e1dn\u011b pozitivn\u00ed p\u0159\u00edstup k z\u00e1kazn\u00edk\u016fm mezi\u0159\u00ed\u010dsk\u00e9 maloobchodn\u00ed prodejny masa.<br \/>\nVelk\u00fd s\u00e1l byl zcela zapln\u011bn\u00fd a v\u0161ichni si u\u017eili slavnostn\u00ed atmosf\u00e9ru. Jedinou ocen\u011bnou \u017eenou se stala Michaela Vidl\u00e1kov\u00e1. \u0160estaosmdes\u00e1tilet\u00e1 p\u0159e\u017eiv\u0161\u00ed holocaustu obdr\u017eela \u010destn\u00e9 ob\u010danstv\u00ed m\u011bsta Vala\u0161sk\u00e9 Mezi\u0159\u00ed\u010d\u00ed za zachov\u00e1n\u00ed historick\u00e9 pam\u011bti n\u00e1roda prost\u0159ednictv\u00edm \u0161\u00ed\u0159en\u00ed sv\u011bdectv\u00ed o holocaustu ve \u0161kol\u00e1ch. Na ve\u0159ejnosti sv\u00e9 ocen\u011bn\u00ed p\u0159evezme p\u0159i nejbli\u017e\u0161\u00ed n\u00e1v\u0161t\u011bv\u011b m\u011bsta.<br \/>\nV hudebn\u00ed \u010d\u00e1sti programu vystoupili \u010dlenov\u00e9 kapely Blue cimb\u00e1l, kytarista Petr \u0160m\u00edd a cimbalista Roman Veverka.<\/p>\n","protected":false},"excerpt":{"rendered":"<p>Slavnostn\u00ed famf\u00e1ry v pod\u00e1n\u00ed dechov\u00e9ho kvarteta z\u00e1kladn\u00ed um\u011bleck\u00e9 \u0161koly Alfreda Radoka zah\u00e1jily slavnostn\u00ed ceremoni\u00e1l ud\u00edlen\u00ed v\u00fdznamn\u00fdch ocen\u011bn\u00ed m\u011bsta Vala\u0161sk\u00e9 Mezi\u0159\u00ed\u010d\u00ed za rok 2022. <\/p>\n","protected":false},"author":4,"featured_media":694,"comment_status":"closed","ping_status":"closed","sticky":false,"template":"","format":"standard","meta":{"_acf_changed":false,"footnotes":""},"categories":[17,21],"tags":[],"porad":[],"region":[86,64],"class_list":["post-691","post","type-post","status-publish","format-standard","has-post-thumbnail","hentry","category-domaci","category-kultura","region-vsetinsko","region-zlinsky-kraj"],"acf":[],"meta_box":{"odeslat":[]},"_links":{"self":[{"href":"https:\/\/tv.a11.cz\/api\/wp\/v2\/posts\/691","targetHints":{"allow":["GET"]}}],"collection":[{"href":"https:\/\/tv.a11.cz\/api\/wp\/v2\/posts"}],"about":[{"href":"https:\/\/tv.a11.cz\/api\/wp\/v2\/types\/post"}],"author":[{"embeddable":true,"href":"https:\/\/tv.a11.cz\/api\/wp\/v2\/users\/4"}],"replies":[{"embeddable":true,"href":"https:\/\/tv.a11.cz\/api\/wp\/v2\/comments?post=691"}],"version-history":[{"count":3,"href":"https:\/\/tv.a11.cz\/api\/wp\/v2\/posts\/691\/revisions"}],"predecessor-version":[{"id":969,"href":"https:\/\/tv.a11.cz\/api\/wp\/v2\/posts\/691\/revisions\/969"}],"wp:featuredmedia":[{"embeddable":true,"href":"https:\/\/tv.a11.cz\/api\/wp\/v2\/media\/694"}],"wp:attachment":[{"href":"https:\/\/tv.a11.cz\/api\/wp\/v2\/media?parent=691"}],"wp:term":[{"taxonomy":"category","embeddable":true,"href":"https:\/\/tv.a11.cz\/api\/wp\/v2\/categories?post=691"},{"taxonomy":"post_tag","embeddable":true,"href":"https:\/\/tv.a11.cz\/api\/wp\/v2\/tags?post=691"},{"taxonomy":"porad","embeddable":true,"href":"https:\/\/tv.a11.cz\/api\/wp\/v2\/porad?post=691"},{"taxonomy":"region","embeddable":true,"href":"https:\/\/tv.a11.cz\/api\/wp\/v2\/region?post=691"}],"curies":[{"name":"wp","href":"https:\/\/api.w.org\/{rel}","templated":true}]}}