{"id":6761,"date":"2023-07-10T18:57:27","date_gmt":"2023-07-10T16:57:27","guid":{"rendered":"https:\/\/tv.a11.cz\/?p=6761"},"modified":"2023-07-10T18:57:27","modified_gmt":"2023-07-10T16:57:27","slug":"mesto-zdobi-dalsi-unikatni-graffiti","status":"publish","type":"post","link":"https:\/\/tv.a11.cz\/mesto-zdobi-dalsi-unikatni-graffiti-6761\/","title":{"rendered":"M\u011bsto zdob\u00ed unik\u00e1tn\u00ed graffiti"},"content":{"rendered":"<p>Ne v\u017edy mus\u00ed b\u00fdt graffiti ekvivalentem vandalismu. O tom se m\u016f\u017eete p\u0159esv\u011bd\u010dit hned na n\u011bkolika m\u00edstech ve Zl\u00edn\u011b, kde najdete n\u00e1dhern\u00e1 streetartov\u00e1 d\u00edla. To nejv\u011bt\u0161\u00ed vznik\u00e1 v podjezdu na Dlouh\u00e9 ulici.<br \/>\nMichal Fil\u00e1k alias Prorok tu dokon\u010duje jedno ze sv\u00fdch nejt\u011b\u017e\u0161\u00edch d\u011bl, kter\u00e9 vznik\u00e1 na objedn\u00e1vku zl\u00ednsk\u00e9 radnice. My\u0161lenka se zrodila u\u017e asi p\u0159ed dv\u011bma lety a jej\u00edm c\u00edlem je ztv\u00e1rnit v\u00fdznamn\u00e9 osobnosti m\u011bsta a z\u00e1rove\u0148 zkr\u00e1\u0161lit okol\u00ed.<br \/>\n\u201eMy jako \u010ce\u0161i si kolikr\u00e1t nev\u00e1\u017e\u00edme t\u011bch na\u0161ich osobnost\u00ed, tak\u017ee jsme ud\u011blali takov\u00fd pr\u016f\u0159ez zl\u00ednsk\u00fdmi osobnostmi. M\u00e1me tam v\u011bdce. Nap\u0159\u00edklad profesora Wichterleho. M\u00e1me tam sportovce V\u00e1chu nebo Z\u00e1topka a m\u00e1me tam podnikatele Tom\u00e1\u0161e a Jana Ba\u0165u. Tak\u00e9 tam m\u00e1me cestovatele Hanzelku,\u201c \u0159ekl Pavel Brada, n\u00e1m\u011bstek prim\u00e1tora.<\/p>\n<div class=\"entry-content\">\n<p class=\"western\" align=\"left\">T\u00edmto d\u00edlem samoz\u0159ejm\u011b m\u011bsto nekon\u010d\u00ed a d\u00e1le hled\u00e1 lokality, kde by mohly vzniknout dal\u0161\u00ed skv\u011bl\u00e1 pouli\u010dn\u00ed d\u00edla. Jedno z velk\u00fdch bude mo\u017en\u00e1 zdobit n\u011bkter\u00fd z panelov\u00fdch dom\u016f.<\/p>\n<\/div>\n","protected":false},"excerpt":{"rendered":"<p>V ulic\u00edch Zl\u00edna si m\u016f\u017eete prohl\u00e9dnout vznikaj\u00edc\u00ed pouli\u010dn\u00ed d\u00edla. Pod rukama Michala Fel\u00e1ka se nyn\u00ed rod\u00ed jedno unik\u00e1tn\u00ed pln\u00e9 v\u00fdznamn\u00fdch osobnost\u00ed.<\/p>\n","protected":false},"author":4,"featured_media":7193,"comment_status":"closed","ping_status":"closed","sticky":false,"template":"","format":"standard","meta":{"_acf_changed":false,"footnotes":""},"categories":[17,171,157],"tags":[],"porad":[],"region":[85,64],"class_list":["post-6761","post","type-post","status-publish","format-standard","has-post-thumbnail","hentry","category-domaci","category-umeni","category-zpravy","region-zlinsko","region-zlinsky-kraj"],"acf":[],"meta_box":{"odeslat":["nasregion"]},"_links":{"self":[{"href":"https:\/\/tv.a11.cz\/api\/wp\/v2\/posts\/6761","targetHints":{"allow":["GET"]}}],"collection":[{"href":"https:\/\/tv.a11.cz\/api\/wp\/v2\/posts"}],"about":[{"href":"https:\/\/tv.a11.cz\/api\/wp\/v2\/types\/post"}],"author":[{"embeddable":true,"href":"https:\/\/tv.a11.cz\/api\/wp\/v2\/users\/4"}],"replies":[{"embeddable":true,"href":"https:\/\/tv.a11.cz\/api\/wp\/v2\/comments?post=6761"}],"version-history":[{"count":3,"href":"https:\/\/tv.a11.cz\/api\/wp\/v2\/posts\/6761\/revisions"}],"predecessor-version":[{"id":7194,"href":"https:\/\/tv.a11.cz\/api\/wp\/v2\/posts\/6761\/revisions\/7194"}],"wp:featuredmedia":[{"embeddable":true,"href":"https:\/\/tv.a11.cz\/api\/wp\/v2\/media\/7193"}],"wp:attachment":[{"href":"https:\/\/tv.a11.cz\/api\/wp\/v2\/media?parent=6761"}],"wp:term":[{"taxonomy":"category","embeddable":true,"href":"https:\/\/tv.a11.cz\/api\/wp\/v2\/categories?post=6761"},{"taxonomy":"post_tag","embeddable":true,"href":"https:\/\/tv.a11.cz\/api\/wp\/v2\/tags?post=6761"},{"taxonomy":"porad","embeddable":true,"href":"https:\/\/tv.a11.cz\/api\/wp\/v2\/porad?post=6761"},{"taxonomy":"region","embeddable":true,"href":"https:\/\/tv.a11.cz\/api\/wp\/v2\/region?post=6761"}],"curies":[{"name":"wp","href":"https:\/\/api.w.org\/{rel}","templated":true}]}}