{"id":6199,"date":"2023-07-01T20:43:43","date_gmt":"2023-07-01T18:43:43","guid":{"rendered":"https:\/\/tv.a11.cz\/?p=6199"},"modified":"2023-07-01T20:44:34","modified_gmt":"2023-07-01T18:44:34","slug":"chlapec-vbehl-na-brnensku-primo-pred-auto","status":"publish","type":"post","link":"https:\/\/tv.a11.cz\/chlapec-vbehl-na-brnensku-primo-pred-auto-6199\/","title":{"rendered":"Chlapec vb\u011bhl na Brn\u011bnsku p\u0159\u00edmo p\u0159ed auto"},"content":{"rendered":"<p>V jedn\u00e9 z obc\u00ed na Brn\u011bnsku dvan\u00e1ctilet\u00fd chlapec n\u00e1hle vb\u011bhl p\u0159\u00edmo do j\u00edzdn\u00ed dr\u00e1hy osobn\u00edho auta. \u0158idi\u010d osobn\u00edho auta u\u017e nem\u011bl \u017e\u00e1dnou mo\u017enost tomuto st\u0159etu zabr\u00e1nit. Ihned v\u0161ak zastavil a chlapci poskytl prvn\u00ed pomoc. Na\u0161t\u011bst\u00ed chlapec neutrp\u011bl \u017e\u00e1dn\u00e9 zran\u011bn\u00ed a jakoby z\u00e1zrakem d\u011bsiv\u00fd karambol p\u0159e\u017eil. Za\u010d\u00e1tek pr\u00e1zdnin je v\u017edy nejprobl\u00e9mov\u011bj\u0161\u00ed.<\/p>\n<p>Policist\u00e9 upozor\u0148uj\u00ed \u0159idi\u010de, aby dbali zv\u00fd\u0161en\u00e9 opatrnosti, zvl\u00e1\u0161t\u011b v m\u00edstech, kde se pohybuj\u00ed d\u011bti. Ty kv\u016fli sv\u00e9 mal\u00e9 v\u00fd\u0161ce \u010dasto neb\u00fdvaj\u00ed ani vid\u011bt mezi zaparkovan\u00fdmi vozidly a \u010dasto reaguj\u00ed ukvapen\u011b a nepozorn\u011b. V provozu maj\u00ed probl\u00e9m tak\u00e9 s odhadov\u00e1n\u00edm vzd\u00e1lenosti, kdy\u017e se nap\u0159\u00edklad p\u0159ibli\u017euje auto k p\u0159echodu. \u010casto na posledn\u00ed chv\u00edli vb\u011bhnou do vozovky.<\/p>\n","protected":false},"excerpt":{"rendered":"<p>Men\u0161\u00edm zran\u011bn\u00edm skon\u010dilo rozhodnut\u00ed dvan\u00e1ctilet\u00e9ho chlapce, kter\u00fd v obci na Brn\u011bnsku vb\u011bhl mezi auta. \u0158idi\u010d u\u017e nem\u011bl \u0161anci v\u010das zastavit.<\/p>\n","protected":false},"author":4,"featured_media":6309,"comment_status":"closed","ping_status":"closed","sticky":false,"template":"","format":"standard","meta":{"_acf_changed":false,"footnotes":""},"categories":[17,22,164,163,157],"tags":[],"porad":[],"region":[134,53],"class_list":["post-6199","post","type-post","status-publish","format-standard","has-post-thumbnail","hentry","category-domaci","category-doprava","category-nehody","category-stalo-se","category-zpravy","region-brnensko","region-jihomoravsky-kraj"],"acf":[],"meta_box":{"odeslat":["nasregion"]},"_links":{"self":[{"href":"https:\/\/tv.a11.cz\/api\/wp\/v2\/posts\/6199","targetHints":{"allow":["GET"]}}],"collection":[{"href":"https:\/\/tv.a11.cz\/api\/wp\/v2\/posts"}],"about":[{"href":"https:\/\/tv.a11.cz\/api\/wp\/v2\/types\/post"}],"author":[{"embeddable":true,"href":"https:\/\/tv.a11.cz\/api\/wp\/v2\/users\/4"}],"replies":[{"embeddable":true,"href":"https:\/\/tv.a11.cz\/api\/wp\/v2\/comments?post=6199"}],"version-history":[{"count":1,"href":"https:\/\/tv.a11.cz\/api\/wp\/v2\/posts\/6199\/revisions"}],"predecessor-version":[{"id":6308,"href":"https:\/\/tv.a11.cz\/api\/wp\/v2\/posts\/6199\/revisions\/6308"}],"wp:featuredmedia":[{"embeddable":true,"href":"https:\/\/tv.a11.cz\/api\/wp\/v2\/media\/6309"}],"wp:attachment":[{"href":"https:\/\/tv.a11.cz\/api\/wp\/v2\/media?parent=6199"}],"wp:term":[{"taxonomy":"category","embeddable":true,"href":"https:\/\/tv.a11.cz\/api\/wp\/v2\/categories?post=6199"},{"taxonomy":"post_tag","embeddable":true,"href":"https:\/\/tv.a11.cz\/api\/wp\/v2\/tags?post=6199"},{"taxonomy":"porad","embeddable":true,"href":"https:\/\/tv.a11.cz\/api\/wp\/v2\/porad?post=6199"},{"taxonomy":"region","embeddable":true,"href":"https:\/\/tv.a11.cz\/api\/wp\/v2\/region?post=6199"}],"curies":[{"name":"wp","href":"https:\/\/api.w.org\/{rel}","templated":true}]}}