{"id":616,"date":"2023-01-17T17:25:01","date_gmt":"2023-01-17T16:25:01","guid":{"rendered":"https:\/\/tv.a11.cz\/?p=616"},"modified":"2023-01-17T17:25:01","modified_gmt":"2023-01-17T16:25:01","slug":"vsetin-vysledky-1-kola-prezidentskych-voleb-na-valassku","status":"publish","type":"post","link":"https:\/\/tv.a11.cz\/vsetin-vysledky-1-kola-prezidentskych-voleb-na-valassku-616\/","title":{"rendered":"V\u00fdsledky 1. kola prezidentsk\u00fdch voleb na Vala\u0161sku"},"content":{"rendered":"<p>Petr Pavel zv\u00edt\u011bzil v Ro\u017enov\u011b pod Radho\u0161t\u011bm a Andrej Babi\u0161 ve Vala\u0161sk\u00e9m Mezi\u0159\u00ed\u010d\u00ed a Vset\u00edn\u011b. Danu\u0161e Nerudov\u00e1 skon\u010dila ve v\u0161ech t\u0159ech Vala\u0161sk\u00fdch metropol\u00edch jako t\u0159et\u00ed. Ostatn\u00ed kandid\u00e1ti na prezidentsk\u00fd \u00fa\u0159ad se pohybovali v podobn\u00fdch procentu\u00e1ln\u00edch \u010d\u00edslech jako v celorepublikov\u00e9m v\u00fd\u010dtu.<\/p>\n<p>Ve druh\u00e9m kole se tak o roli hlavy st\u00e1tu utkaj\u00ed Petr Pavel a Andrej Babi\u0161.<\/p>\n<p>To, jak by volba prezidenta na Vala\u0161sku mohla dopadnout ve druh\u00e9m kole nen\u00ed jasn\u00e9. P\u0159i podrobn\u011bj\u0161\u00edm pohledu na v\u00fdsledky prvn\u00edho kola by se sice mohlo zd\u00e1t, \u017ee Andrej Babi\u0161 m\u00e1 men\u0161\u00ed \u0161ance na zvolen\u00ed. Opak ale m\u016f\u017ee b\u00fdt pravdou.<\/p>\n<p>Podle analytik\u016f ve druh\u00e9m kole rozhodne volebn\u00ed \u00fa\u010dast, a to, kolik p\u016fvodn\u00edch voli\u010d\u016f Danu\u0161e Nerudov\u00e9, Pavla Fischera a dal\u0161\u00edch, d\u00e1 sv\u016fj hlas na doporu\u010den\u00ed sv\u00e9ho ne\u00fasp\u011b\u0161n\u00e9ho kandid\u00e1ta Petru Pavlovi. Oproti tomu Andrej Babi\u0161 mus\u00ed oslovit nerozhodnut\u00e9 voli\u010de, kte\u0159\u00ed v prvn\u00edm kole z\u016fstali doma. Jaroslav Ba\u0161ta se k podpo\u0159e Andreje Babi\u0161e vyj\u00e1d\u0159il odm\u00edtav\u011b. Ve h\u0159e bude i snaha odradit voli\u010de od \u00fa\u010dasti ve druh\u00e9m kole. To by toti\u017e tak\u00e9 nahr\u00e1valo k cest\u011b na Pra\u017esk\u00fd hrad Andreji Babi\u0161ovi. Druh\u00e9 kolo prezidentsk\u00e9 volby je napl\u00e1nov\u00e1no na dvac\u00e1t\u00e9ho 27. a 28. ledna.<\/p>\n","protected":false},"excerpt":{"rendered":"<p>M\u00e1me pro v\u00e1s v\u00fdsledky voleb prezidenta \u010cesk\u00e9 republiky na Vala\u0161sku ve t\u0159ech nejv\u011bt\u0161\u00edch Vala\u0161sk\u00fdch m\u011bstech. <\/p>\n","protected":false},"author":4,"featured_media":618,"comment_status":"closed","ping_status":"closed","sticky":false,"template":"","format":"standard","meta":{"_acf_changed":false,"footnotes":""},"categories":[17,20],"tags":[],"porad":[],"region":[86,64],"class_list":["post-616","post","type-post","status-publish","format-standard","has-post-thumbnail","hentry","category-domaci","category-politika","region-vsetinsko","region-zlinsky-kraj"],"acf":[],"meta_box":{"odeslat":[]},"_links":{"self":[{"href":"https:\/\/tv.a11.cz\/api\/wp\/v2\/posts\/616","targetHints":{"allow":["GET"]}}],"collection":[{"href":"https:\/\/tv.a11.cz\/api\/wp\/v2\/posts"}],"about":[{"href":"https:\/\/tv.a11.cz\/api\/wp\/v2\/types\/post"}],"author":[{"embeddable":true,"href":"https:\/\/tv.a11.cz\/api\/wp\/v2\/users\/4"}],"replies":[{"embeddable":true,"href":"https:\/\/tv.a11.cz\/api\/wp\/v2\/comments?post=616"}],"version-history":[{"count":2,"href":"https:\/\/tv.a11.cz\/api\/wp\/v2\/posts\/616\/revisions"}],"predecessor-version":[{"id":619,"href":"https:\/\/tv.a11.cz\/api\/wp\/v2\/posts\/616\/revisions\/619"}],"wp:featuredmedia":[{"embeddable":true,"href":"https:\/\/tv.a11.cz\/api\/wp\/v2\/media\/618"}],"wp:attachment":[{"href":"https:\/\/tv.a11.cz\/api\/wp\/v2\/media?parent=616"}],"wp:term":[{"taxonomy":"category","embeddable":true,"href":"https:\/\/tv.a11.cz\/api\/wp\/v2\/categories?post=616"},{"taxonomy":"post_tag","embeddable":true,"href":"https:\/\/tv.a11.cz\/api\/wp\/v2\/tags?post=616"},{"taxonomy":"porad","embeddable":true,"href":"https:\/\/tv.a11.cz\/api\/wp\/v2\/porad?post=616"},{"taxonomy":"region","embeddable":true,"href":"https:\/\/tv.a11.cz\/api\/wp\/v2\/region?post=616"}],"curies":[{"name":"wp","href":"https:\/\/api.w.org\/{rel}","templated":true}]}}