{"id":6027,"date":"2023-06-29T16:14:56","date_gmt":"2023-06-29T14:14:56","guid":{"rendered":"https:\/\/tv.a11.cz\/?p=6027"},"modified":"2023-06-29T16:16:03","modified_gmt":"2023-06-29T14:16:03","slug":"rocni-dite-zustalo-uveznene-v-prehratem-aute","status":"publish","type":"post","link":"https:\/\/tv.a11.cz\/rocni-dite-zustalo-uveznene-v-prehratem-aute-6027\/","title":{"rendered":"Ro\u010dn\u00ed d\u00edt\u011b z\u016fstalo uv\u011bzn\u011bn\u00e9 v p\u0159eh\u0159\u00e1t\u00e9m aut\u011b"},"content":{"rendered":"<p>Brno a ji\u017en\u00ed Morava za\u017e\u00edv\u00e1 v posledn\u00edch dnech tropick\u00e9 po\u010das\u00ed. Nemil\u00e9 chv\u00edle to p\u0159ineslo \u0159idi\u010dce, kter\u00e1 vystoupila z auta, a to se n\u00e1hle zamklo. Jen\u017ee v seda\u010dce z\u016fstal ro\u010dn\u00ed chlape\u010dek. Teploty uvnit\u0159 auta za\u010daly pov\u00e1\u017eliv\u011b stoupat. Na pomoc p\u0159ijela okam\u017eit\u011b hl\u00eddka M\u011bstsk\u00e9 policie Brno.<\/p>\n<p>Str\u00e1\u017en\u00edky na Lesnou p\u0159ivolal mu\u017e, jeho\u017e zn\u00e1m\u00e9 se v aut\u011b nedopat\u0159en\u00edm zabouchlo zhruba ro\u010dn\u00ed d\u00edt\u011b. Podle automechanik\u016f p\u0159estalo fungovat bezdotykov\u00e9 odemyk\u00e1n\u00ed ve vozidle a nebylo tak mo\u017en\u00e9 se do n\u011bj dostat.<\/p>\n<p>Nicm\u00e9n\u011b t\u00edm, \u017ee ne\u0161lo bezdotykov\u00e9 odemyk\u00e1n\u00ed v aut\u011b, tak str\u00e1\u017en\u00edci museli rozb\u00edt zadn\u00ed ok\u00e9nko a vyt\u00e1hnout tak kl\u00ed\u010de, kter\u00e9 le\u017eely vedle d\u00edt\u011bte. Z\u00e1chrann\u00e1 akce dopadla dob\u0159e, uplakan\u00e9ho chlape\u010dka uklidnila maminka ve sv\u00e9 n\u00e1ru\u010di.<\/p>\n<p>V takov\u00fdch p\u0159\u00edpadech opravdu nen\u00ed na co \u010dekat. Policie doporu\u010duje co nejrychleji zavolat hl\u00eddky, kter\u00e9 si s touto situac\u00ed um\u00ed velice dob\u0159e a rychle poradit.<\/p>\n","protected":false},"excerpt":{"rendered":"<p>Dramatick\u00e9 chv\u00edle se odehr\u00e1ly v Brn\u011b. Ro\u010dn\u00ed d\u00edt\u011b z\u016fstalo uv\u011bzn\u011bn\u00e9 v p\u0159eh\u0159\u00e1t\u00e9m aut\u011b p\u0159ed \u0161kolkou na Lesn\u00e9, kdy\u017e se mamince technickou chybou zamklo auto. Bleskov\u011b zasahovala policie.<\/p>\n","protected":false},"author":4,"featured_media":5953,"comment_status":"closed","ping_status":"closed","sticky":false,"template":"","format":"standard","meta":{"_acf_changed":false,"footnotes":""},"categories":[17,163,157],"tags":[],"porad":[],"region":[134,53],"class_list":["post-6027","post","type-post","status-publish","format-standard","has-post-thumbnail","hentry","category-domaci","category-stalo-se","category-zpravy","region-brnensko","region-jihomoravsky-kraj"],"acf":[],"meta_box":{"odeslat":["nasregion"]},"_links":{"self":[{"href":"https:\/\/tv.a11.cz\/api\/wp\/v2\/posts\/6027","targetHints":{"allow":["GET"]}}],"collection":[{"href":"https:\/\/tv.a11.cz\/api\/wp\/v2\/posts"}],"about":[{"href":"https:\/\/tv.a11.cz\/api\/wp\/v2\/types\/post"}],"author":[{"embeddable":true,"href":"https:\/\/tv.a11.cz\/api\/wp\/v2\/users\/4"}],"replies":[{"embeddable":true,"href":"https:\/\/tv.a11.cz\/api\/wp\/v2\/comments?post=6027"}],"version-history":[{"count":1,"href":"https:\/\/tv.a11.cz\/api\/wp\/v2\/posts\/6027\/revisions"}],"predecessor-version":[{"id":6062,"href":"https:\/\/tv.a11.cz\/api\/wp\/v2\/posts\/6027\/revisions\/6062"}],"wp:featuredmedia":[{"embeddable":true,"href":"https:\/\/tv.a11.cz\/api\/wp\/v2\/media\/5953"}],"wp:attachment":[{"href":"https:\/\/tv.a11.cz\/api\/wp\/v2\/media?parent=6027"}],"wp:term":[{"taxonomy":"category","embeddable":true,"href":"https:\/\/tv.a11.cz\/api\/wp\/v2\/categories?post=6027"},{"taxonomy":"post_tag","embeddable":true,"href":"https:\/\/tv.a11.cz\/api\/wp\/v2\/tags?post=6027"},{"taxonomy":"porad","embeddable":true,"href":"https:\/\/tv.a11.cz\/api\/wp\/v2\/porad?post=6027"},{"taxonomy":"region","embeddable":true,"href":"https:\/\/tv.a11.cz\/api\/wp\/v2\/region?post=6027"}],"curies":[{"name":"wp","href":"https:\/\/api.w.org\/{rel}","templated":true}]}}