{"id":558,"date":"2023-01-13T11:05:21","date_gmt":"2023-01-13T10:05:21","guid":{"rendered":"https:\/\/tv.a11.cz\/?p=558"},"modified":"2023-01-17T11:05:41","modified_gmt":"2023-01-17T10:05:41","slug":"vsetin-mesto-spousti-novy-web-o-odpadech-vznikl-take-informacni-spot","status":"publish","type":"post","link":"https:\/\/tv.a11.cz\/vsetin-mesto-spousti-novy-web-o-odpadech-vznikl-take-informacni-spot-558\/","title":{"rendered":"M\u011bsto Vset\u00edn spou\u0161t\u00ed nov\u00fd web o odpadech"},"content":{"rendered":"<p>Na webov\u00e9 adrese www.odpady.mestovsetin.cz spou\u0161t\u00ed mesto nov\u00fd informa\u010dn\u00ed web, kter\u00fd se v\u011bnuje t\u0159\u00edd\u011bn\u00ed odpad\u016f.<br \/>\nLid\u00e9 zde najdou nejen n\u00e1vody, ale i tipy, jak dob\u0159e a je\u0161t\u011b l\u00e9pe t\u0159\u00eddit.<br \/>\nSou\u010d\u00e1st\u00ed informa\u010dn\u00edho webu je tak\u00e9 video, podle kter\u00e9ho by z odpadu ze vset\u00ednsk\u00fdch dom\u00e1cnost\u00ed \u0161la vyt\u0159\u00eddit je\u0161t\u011b dobr\u00e1 polovina, ne\u017e se t\u0159\u00edd\u00ed nyn\u00ed.<\/p>\n<p>Pro vset\u00ednsk\u00e9 je to relativn\u011b dobr\u00e1 zpr\u00e1va, proto\u017ee \u0159\u00edk\u00e1, \u017ee ob\u010dan\u00e9 m\u011bsta t\u0159\u00edd\u00ed odpad uspokojiv\u011b. Samoz\u0159ejm\u011b je zde prostor pro velk\u00e9 zlep\u0161en\u00ed. To u\u017e je ale na ka\u017ed\u00e9m ob\u010danovi zvl\u00e1\u0161\u0165, aby t\u0159\u00eddil co nejl\u00e9pe, aby odpady odd\u011bloval a mohl se tak odpad l\u00e9pe a efektivn\u011bji d\u00e1le zpracovat.<\/p>\n<p>Vznik specializovan\u00e9ho webu pro Vset\u00edn nest\u00e1l m\u011bstskou pokladnu ani korunu. Web je financovan\u00fd spole\u010dnost\u00ed EKO-KOM, kter\u00e1 se zab\u00fdv\u00e1 t\u0159\u00edd\u011bn\u00edm a recyklac\u00ed odpadu. I v jej\u00edm z\u00e1jmu je, aby dost\u00e1vala vyt\u0159\u00edd\u011bn\u00fd odpad v nejlep\u0161\u00ed kvalit\u011b.<\/p>\n<p>To, jestli lep\u0161\u00ed t\u0159\u00edd\u011bn\u00ed odpadu v dob\u011b zdra\u017eov\u00e1n\u00ed pom\u016f\u017ee udr\u017eet cenu za jeho likvidaci, bude pro vset\u00ednskou radnici opravdov\u00fd o\u0159\u00ed\u0161ek. Krom\u011b skl\u00e1dkovn\u00e9ho se zdra\u017e\u00ed letos i poplatky odv\u00e1d\u011bn\u00e9 st\u00e1tu za ukl\u00e1d\u00e1n\u00ed odpadu.<br \/>\nOb\u010dan\u016fm se cena zvy\u0161ovat nebude.<\/p>\n","protected":false},"excerpt":{"rendered":"<p>M\u011bsto Vset\u00edn aktu\u00e1ln\u011b spou\u0161t\u00ed nov\u00fd web o odpadech. Z\u00e1rove\u0148 s n\u00edm vznik\u00e1 i nov\u00fd informa\u010dn\u00ed spot.<\/p>\n","protected":false},"author":4,"featured_media":563,"comment_status":"closed","ping_status":"closed","sticky":false,"template":"","format":"standard","meta":{"_acf_changed":false,"footnotes":""},"categories":[17],"tags":[],"porad":[],"region":[85,64],"class_list":["post-558","post","type-post","status-publish","format-standard","has-post-thumbnail","hentry","category-domaci","region-zlinsko","region-zlinsky-kraj"],"acf":[],"meta_box":{"odeslat":[]},"_links":{"self":[{"href":"https:\/\/tv.a11.cz\/api\/wp\/v2\/posts\/558","targetHints":{"allow":["GET"]}}],"collection":[{"href":"https:\/\/tv.a11.cz\/api\/wp\/v2\/posts"}],"about":[{"href":"https:\/\/tv.a11.cz\/api\/wp\/v2\/types\/post"}],"author":[{"embeddable":true,"href":"https:\/\/tv.a11.cz\/api\/wp\/v2\/users\/4"}],"replies":[{"embeddable":true,"href":"https:\/\/tv.a11.cz\/api\/wp\/v2\/comments?post=558"}],"version-history":[{"count":3,"href":"https:\/\/tv.a11.cz\/api\/wp\/v2\/posts\/558\/revisions"}],"predecessor-version":[{"id":562,"href":"https:\/\/tv.a11.cz\/api\/wp\/v2\/posts\/558\/revisions\/562"}],"wp:featuredmedia":[{"embeddable":true,"href":"https:\/\/tv.a11.cz\/api\/wp\/v2\/media\/563"}],"wp:attachment":[{"href":"https:\/\/tv.a11.cz\/api\/wp\/v2\/media?parent=558"}],"wp:term":[{"taxonomy":"category","embeddable":true,"href":"https:\/\/tv.a11.cz\/api\/wp\/v2\/categories?post=558"},{"taxonomy":"post_tag","embeddable":true,"href":"https:\/\/tv.a11.cz\/api\/wp\/v2\/tags?post=558"},{"taxonomy":"porad","embeddable":true,"href":"https:\/\/tv.a11.cz\/api\/wp\/v2\/porad?post=558"},{"taxonomy":"region","embeddable":true,"href":"https:\/\/tv.a11.cz\/api\/wp\/v2\/region?post=558"}],"curies":[{"name":"wp","href":"https:\/\/api.w.org\/{rel}","templated":true}]}}