{"id":5511,"date":"2023-06-26T11:36:55","date_gmt":"2023-06-26T09:36:55","guid":{"rendered":"https:\/\/tv.a11.cz\/?p=5511"},"modified":"2023-06-26T11:36:55","modified_gmt":"2023-06-26T09:36:55","slug":"pri-krouzkovani-capat-pridali-zachranari-nalezence","status":"publish","type":"post","link":"https:\/\/tv.a11.cz\/pri-krouzkovani-capat-pridali-zachranari-nalezence-5511\/","title":{"rendered":"Krou\u017ekov\u00e1n\u00ed \u010d\u00e1pat"},"content":{"rendered":"<p>Radim Prekop, obyvatel \u017d\u00edrovic, m\u011bstsk\u00e9 \u010d\u00e1sti Franti\u0161kov\u00fdch L\u00e1zn\u00ed, po\u017e\u00e1dal N\u00e1rodn\u00ed muzeum v Praze a jeho krou\u017ekovac\u00ed stanici o okrou\u017ekov\u00e1n\u00ed t\u0159\u00ed ml\u00e1\u010fat \u010d\u00e1p\u016f b\u00edl\u00fdch. Ti hn\u00edzd\u00ed na zdej\u0161\u00edm betonov\u00e9m sloupu.<br \/>\nN\u00e1rodn\u00ed krou\u017ekovac\u00ed stanice, kter\u00e1 m\u00e1 nyn\u00ed v datab\u00e1zi p\u0159es 5 milion\u016f z\u00e1znam\u016f, byla zalo\u017eena v roce 1934 a koordinuje krou\u017ekov\u00e1n\u00ed ptactva na \u00fazem\u00ed \u010cesk\u00e9 republiky. P\u0159es skupinu pro v\u00fdzkum brodiv\u00fdch pt\u00e1k\u016f byl osloven Karel Mako\u0148 ze z\u00e1chrann\u00e9 stanice \u017eivo\u010dich\u016f Plze\u0148, aby krou\u017ekov\u00e1n\u00ed provedl. Stalo se tak v p\u00e1tek 23. \u010dervna za pomoci plo\u0161iny, kterou zaplatila zdej\u0161\u00ed firma zab\u00fdvaj\u00edc\u00ed se velkoobchodem s komponenty pro okna.<\/p>\n<p>Krou\u017ekov\u00e1n\u00ed v \u017d\u00edrovic\u00edch je jednou z m\u00e1la mo\u017enost\u00ed v regionu, jak l\u00e9pe poznat a chr\u00e1nit tyto kr\u00e1sn\u00e9 pt\u00e1ky. Ti v\u011bt\u0161inou hn\u00edzd\u00ed na vysok\u00fdch sloupech \u010di kom\u00ednech, kam se ornitologov\u00e9 nedostanou. Krou\u017ekov\u00e1n\u00ed umo\u017e\u0148uje sledov\u00e1n\u00ed z\u00edskan\u00fdch cenn\u00fdch informac\u00ed o ekologii pt\u00e1k\u016f a jejich prostorov\u00fdch aktivit\u00e1ch a p\u0159edev\u0161\u00edm vede k praktick\u00e9 ochran\u011b \u017eivo\u010dich\u016f.<\/p>\n","protected":false},"excerpt":{"rendered":"<p>Prob\u011bhlo krou\u017ekov\u00e1n\u00ed t\u0159\u00ed ml\u00e1\u010fat \u010d\u00e1p\u016f b\u00edl\u00fdch v \u017d\u00edrovic\u00edch, kte\u0159\u00ed hn\u00edzd\u00ed na zdej\u0161\u00edm betonov\u00e9m sloupu. Ten nahradil p\u016fvodn\u00ed strom, kde se \u010d\u00e1pi vyskytovali. <\/p>\n","protected":false},"author":4,"featured_media":5513,"comment_status":"closed","ping_status":"closed","sticky":false,"template":"","format":"standard","meta":{"_acf_changed":false,"footnotes":""},"categories":[17,223,177,157,180],"tags":[],"porad":[],"region":[130,54],"class_list":["post-5511","post","type-post","status-publish","format-standard","has-post-thumbnail","hentry","category-domaci","category-ekologie","category-zajimavosti","category-zpravy","category-zviratka","region-chebsko","region-karlovarsky-kraj"],"acf":[],"meta_box":{"odeslat":["nasregion"]},"_links":{"self":[{"href":"https:\/\/tv.a11.cz\/api\/wp\/v2\/posts\/5511","targetHints":{"allow":["GET"]}}],"collection":[{"href":"https:\/\/tv.a11.cz\/api\/wp\/v2\/posts"}],"about":[{"href":"https:\/\/tv.a11.cz\/api\/wp\/v2\/types\/post"}],"author":[{"embeddable":true,"href":"https:\/\/tv.a11.cz\/api\/wp\/v2\/users\/4"}],"replies":[{"embeddable":true,"href":"https:\/\/tv.a11.cz\/api\/wp\/v2\/comments?post=5511"}],"version-history":[{"count":2,"href":"https:\/\/tv.a11.cz\/api\/wp\/v2\/posts\/5511\/revisions"}],"predecessor-version":[{"id":5514,"href":"https:\/\/tv.a11.cz\/api\/wp\/v2\/posts\/5511\/revisions\/5514"}],"wp:featuredmedia":[{"embeddable":true,"href":"https:\/\/tv.a11.cz\/api\/wp\/v2\/media\/5513"}],"wp:attachment":[{"href":"https:\/\/tv.a11.cz\/api\/wp\/v2\/media?parent=5511"}],"wp:term":[{"taxonomy":"category","embeddable":true,"href":"https:\/\/tv.a11.cz\/api\/wp\/v2\/categories?post=5511"},{"taxonomy":"post_tag","embeddable":true,"href":"https:\/\/tv.a11.cz\/api\/wp\/v2\/tags?post=5511"},{"taxonomy":"porad","embeddable":true,"href":"https:\/\/tv.a11.cz\/api\/wp\/v2\/porad?post=5511"},{"taxonomy":"region","embeddable":true,"href":"https:\/\/tv.a11.cz\/api\/wp\/v2\/region?post=5511"}],"curies":[{"name":"wp","href":"https:\/\/api.w.org\/{rel}","templated":true}]}}