{"id":5267,"date":"2023-06-21T10:16:53","date_gmt":"2023-06-21T08:16:53","guid":{"rendered":"https:\/\/tv.a11.cz\/?p=5267"},"modified":"2023-06-21T10:18:03","modified_gmt":"2023-06-21T08:18:03","slug":"brno-bude-mit-konecne-prvni-naplavku","status":"publish","type":"post","link":"https:\/\/tv.a11.cz\/brno-bude-mit-konecne-prvni-naplavku-5267\/","title":{"rendered":"Brno bude m\u00edt prvn\u00ed n\u00e1plavku"},"content":{"rendered":"<p>V centr\u00e1ln\u00ed Moravsk\u00e9 metropoli prob\u00edh\u00e1 prom\u011bna n\u00e1b\u0159e\u017e\u00ed \u0159eky Svratky. Brnu a lidem, kte\u0159\u00ed v n\u011bm \u017eij\u00ed, zoufale sch\u00e1z\u00ed \u017eiv\u00fd kontakt s \u0159ekou. Zm\u011bnit by to m\u011bla velk\u00e1 prom\u011bna n\u00e1b\u0159e\u017e\u00ed. Brno tak dostane protipovod\u0148ov\u00e1 opat\u0159en\u00ed i dlouho o\u010dek\u00e1vanou n\u00e1plavku, kter\u00e1 bude m\u00edstem ide\u00e1ln\u00edm k proch\u00e1zk\u00e1m, sportu nebo odpo\u010dinku.<\/p>\n<p>V sou\u010dasn\u00e9 dob\u011b se protipovod\u0148ov\u00e1 opat\u0159en\u00ed stav\u00ed na Po\u0159\u00ed\u010d\u00ed a pracuje se t\u00e9m\u011b\u0159 na cel\u00e9m dot\u010den\u00e9m t\u0159\u00edkilometrov\u00e9m \u00faseku. Tvaruj\u00ed se koryta a vznikaj\u00ed protipovod\u0148ov\u00e9 st\u011bny. Jedn\u00e1 se o velkou komplexn\u00ed stavbu, kter\u00e1 je velmi n\u00e1ro\u010dn\u00e1. Prob\u00edh\u00e1 p\u0159ekl\u00e1d\u00e1n\u00ed s\u00edt\u00ed, rekonstrukce kanalizace, raz\u00ed se nov\u00e9 \u0161toly.<\/p>\n<p>N\u011bkte\u0159\u00ed obyvatel\u00e9 Brna se na stavbu nov\u00e9 n\u00e1plavky d\u00edvaj\u00ed skepticky. Pod\u00edvejte se na na\u0161i report\u00e1\u017e.<\/p>\n","protected":false},"excerpt":{"rendered":"<p>Brno se kone\u010dn\u011b do\u010dk\u00e1 a bude m\u00edt svou prvn\u00ed n\u00e1plavku. Kontakt lid\u00ed ve m\u011bst\u011b s \u0159ekou tak dostane nov\u00fd rozm\u011br. N\u00e1ro\u010dn\u00e1 stavba je v pln\u00e9m proudu.<\/p>\n","protected":false},"author":4,"featured_media":5268,"comment_status":"closed","ping_status":"closed","sticky":false,"template":"","format":"standard","meta":{"_acf_changed":false,"footnotes":""},"categories":[17,159,157],"tags":[],"porad":[],"region":[134,53],"class_list":["post-5267","post","type-post","status-publish","format-standard","has-post-thumbnail","hentry","category-domaci","category-stavebnictvi","category-zpravy","region-brnensko","region-jihomoravsky-kraj"],"acf":[],"meta_box":{"odeslat":["nasregion"]},"_links":{"self":[{"href":"https:\/\/tv.a11.cz\/api\/wp\/v2\/posts\/5267","targetHints":{"allow":["GET"]}}],"collection":[{"href":"https:\/\/tv.a11.cz\/api\/wp\/v2\/posts"}],"about":[{"href":"https:\/\/tv.a11.cz\/api\/wp\/v2\/types\/post"}],"author":[{"embeddable":true,"href":"https:\/\/tv.a11.cz\/api\/wp\/v2\/users\/4"}],"replies":[{"embeddable":true,"href":"https:\/\/tv.a11.cz\/api\/wp\/v2\/comments?post=5267"}],"version-history":[{"count":2,"href":"https:\/\/tv.a11.cz\/api\/wp\/v2\/posts\/5267\/revisions"}],"predecessor-version":[{"id":5270,"href":"https:\/\/tv.a11.cz\/api\/wp\/v2\/posts\/5267\/revisions\/5270"}],"wp:featuredmedia":[{"embeddable":true,"href":"https:\/\/tv.a11.cz\/api\/wp\/v2\/media\/5268"}],"wp:attachment":[{"href":"https:\/\/tv.a11.cz\/api\/wp\/v2\/media?parent=5267"}],"wp:term":[{"taxonomy":"category","embeddable":true,"href":"https:\/\/tv.a11.cz\/api\/wp\/v2\/categories?post=5267"},{"taxonomy":"post_tag","embeddable":true,"href":"https:\/\/tv.a11.cz\/api\/wp\/v2\/tags?post=5267"},{"taxonomy":"porad","embeddable":true,"href":"https:\/\/tv.a11.cz\/api\/wp\/v2\/porad?post=5267"},{"taxonomy":"region","embeddable":true,"href":"https:\/\/tv.a11.cz\/api\/wp\/v2\/region?post=5267"}],"curies":[{"name":"wp","href":"https:\/\/api.w.org\/{rel}","templated":true}]}}