{"id":464,"date":"2023-01-09T11:53:52","date_gmt":"2023-01-09T10:53:52","guid":{"rendered":"https:\/\/tv.a11.cz\/?p=464"},"modified":"2023-01-17T10:20:07","modified_gmt":"2023-01-17T09:20:07","slug":"valasske-mezirici-prvnim-obcankem-je-samuel-knebl","status":"publish","type":"post","link":"https:\/\/tv.a11.cz\/valasske-mezirici-prvnim-obcankem-je-samuel-knebl-464\/","title":{"rendered":"Prvn\u00edm ob\u010d\u00e1nkem Vala\u0161sk\u00e9ho Mezi\u0159\u00ed\u010d\u00ed je kluk"},"content":{"rendered":"<p>Mal\u00fd Samuel Knebl je prvn\u00edm ob\u010d\u00e1nkem Vala\u0161sk\u00e9ho Mezi\u0159\u00ed\u010d\u00ed v roce 2023. V mezi\u0159\u00ed\u010dsk\u00e9 porodnici p\u0159i\u0161el na sv\u011bt v \u00fater\u00fd 3. ledna. \u0160\u0165astn\u00fdm rodi\u010d\u016fm Ev\u017eenu Kneblovi a Iv\u011b Tak\u00e1\u010dov\u00e9 poblahop\u0159\u00e1li z\u00e1stupci veden\u00ed nemocnice a m\u011bsta a p\u0159edali i dar deset tis\u00edc korun. Miminku i cel\u00e9 rodin\u011b p\u0159ejeme zdrav\u00ed a \u0161t\u011bst\u00ed.<\/p>\n<p>Mezi\u0159\u00ed\u010dsk\u00e1 porodnice m\u00e1 mezi rodi\u010dkami velmi dobr\u00e9 jm\u00e9no. Maminka mal\u00e9ho Samuela si p\u00e9\u010di skute\u010dn\u011b chv\u00e1lila.<\/p>\n","protected":false},"excerpt":{"rendered":"<p>Chlape\u010dek jm\u00e9nem Samuel se narodil v \u00fater\u00fd 3. ledna kr\u00e1tce p\u0159ed polednem.<\/p>\n","protected":false},"author":4,"featured_media":547,"comment_status":"closed","ping_status":"closed","sticky":false,"template":"","format":"standard","meta":{"_acf_changed":false,"footnotes":""},"categories":[17],"tags":[],"porad":[],"region":[86,64],"class_list":["post-464","post","type-post","status-publish","format-standard","has-post-thumbnail","hentry","category-domaci","region-vsetinsko","region-zlinsky-kraj"],"acf":[],"meta_box":{"odeslat":[]},"_links":{"self":[{"href":"https:\/\/tv.a11.cz\/api\/wp\/v2\/posts\/464","targetHints":{"allow":["GET"]}}],"collection":[{"href":"https:\/\/tv.a11.cz\/api\/wp\/v2\/posts"}],"about":[{"href":"https:\/\/tv.a11.cz\/api\/wp\/v2\/types\/post"}],"author":[{"embeddable":true,"href":"https:\/\/tv.a11.cz\/api\/wp\/v2\/users\/4"}],"replies":[{"embeddable":true,"href":"https:\/\/tv.a11.cz\/api\/wp\/v2\/comments?post=464"}],"version-history":[{"count":4,"href":"https:\/\/tv.a11.cz\/api\/wp\/v2\/posts\/464\/revisions"}],"predecessor-version":[{"id":468,"href":"https:\/\/tv.a11.cz\/api\/wp\/v2\/posts\/464\/revisions\/468"}],"wp:featuredmedia":[{"embeddable":true,"href":"https:\/\/tv.a11.cz\/api\/wp\/v2\/media\/547"}],"wp:attachment":[{"href":"https:\/\/tv.a11.cz\/api\/wp\/v2\/media?parent=464"}],"wp:term":[{"taxonomy":"category","embeddable":true,"href":"https:\/\/tv.a11.cz\/api\/wp\/v2\/categories?post=464"},{"taxonomy":"post_tag","embeddable":true,"href":"https:\/\/tv.a11.cz\/api\/wp\/v2\/tags?post=464"},{"taxonomy":"porad","embeddable":true,"href":"https:\/\/tv.a11.cz\/api\/wp\/v2\/porad?post=464"},{"taxonomy":"region","embeddable":true,"href":"https:\/\/tv.a11.cz\/api\/wp\/v2\/region?post=464"}],"curies":[{"name":"wp","href":"https:\/\/api.w.org\/{rel}","templated":true}]}}