{"id":456,"date":"2023-01-10T12:27:23","date_gmt":"2023-01-10T11:27:23","guid":{"rendered":"https:\/\/tv.a11.cz\/?p=456"},"modified":"2023-01-17T10:15:50","modified_gmt":"2023-01-17T09:15:50","slug":"vsetin-mesto-vsetin-podporilo-socialni-oblast-rekordni-sumou","status":"publish","type":"post","link":"https:\/\/tv.a11.cz\/vsetin-mesto-vsetin-podporilo-socialni-oblast-rekordni-sumou-456\/","title":{"rendered":"M\u011bsto Vset\u00edn podpo\u0159ilo soci\u00e1ln\u00ed oblast rekordn\u00ed sumou"},"content":{"rendered":"<p>Na leto\u0161n\u00ed rok si Vset\u00edn vyhradil 14,4 mili\u00f3nu korun. To je p\u0159ibli\u017en\u011b o t\u0159i mili\u00f3ny v\u00edc ne\u017e v minul\u00e9m roce. Nav\u00fd\u0161en\u00ed rozpo\u010dtu dotace si vy\u017e\u00e1daly zv\u00fd\u0161en\u00e9 n\u00e1klady na energie.<br \/>\nM\u011bsto rozd\u011blilo 13,8 mili\u00f3n\u016f a zbytek si nechalo na rozvoj ter\u00e9nn\u00edch soci\u00e1ln\u00edch slu\u017eeb.<br \/>\nPro\u010d chce m\u011bsto podpo\u0159it rozvoj soci\u00e1ln\u00edch slu\u017eeb vysv\u011btlila n\u00e1m\u011bstkyn\u011b hejtmana Zl\u00ednsk\u00e9ho kraje. Popt\u00e1vka po soci\u00e1ln\u00edch a pobytov\u00fdch slu\u017eb\u00e1ch je v kraji skute\u010dn\u011b obrovsk\u00e1.<br \/>\nProgram pos\u00edlen\u00ed soci\u00e1ln\u00edch ter\u00e9nn\u00edch slu\u017eeb pilotoval Zl\u00ednsk\u00fd kraj ji\u017e v minul\u00e9m roce. Letos chce zku\u0161enosti p\u0159en\u00e9st do praxe.<\/p>\n","protected":false},"excerpt":{"rendered":"<p>Vset\u00ednsk\u00e1 radnice podpo\u0159\u00ed v roce 2023 soci\u00e1ln\u00ed oblast a slu\u017eby s n\u00ed spojen\u00e9 rekordn\u00ed pen\u011b\u017eitou \u010d\u00e1stkou.<\/p>\n","protected":false},"author":4,"featured_media":542,"comment_status":"closed","ping_status":"closed","sticky":false,"template":"","format":"standard","meta":{"_acf_changed":false,"footnotes":""},"categories":[17,20],"tags":[],"porad":[],"region":[86,64],"class_list":["post-456","post","type-post","status-publish","format-standard","has-post-thumbnail","hentry","category-domaci","category-politika","region-vsetinsko","region-zlinsky-kraj"],"acf":[],"meta_box":{"odeslat":[]},"_links":{"self":[{"href":"https:\/\/tv.a11.cz\/api\/wp\/v2\/posts\/456","targetHints":{"allow":["GET"]}}],"collection":[{"href":"https:\/\/tv.a11.cz\/api\/wp\/v2\/posts"}],"about":[{"href":"https:\/\/tv.a11.cz\/api\/wp\/v2\/types\/post"}],"author":[{"embeddable":true,"href":"https:\/\/tv.a11.cz\/api\/wp\/v2\/users\/4"}],"replies":[{"embeddable":true,"href":"https:\/\/tv.a11.cz\/api\/wp\/v2\/comments?post=456"}],"version-history":[{"count":2,"href":"https:\/\/tv.a11.cz\/api\/wp\/v2\/posts\/456\/revisions"}],"predecessor-version":[{"id":458,"href":"https:\/\/tv.a11.cz\/api\/wp\/v2\/posts\/456\/revisions\/458"}],"wp:featuredmedia":[{"embeddable":true,"href":"https:\/\/tv.a11.cz\/api\/wp\/v2\/media\/542"}],"wp:attachment":[{"href":"https:\/\/tv.a11.cz\/api\/wp\/v2\/media?parent=456"}],"wp:term":[{"taxonomy":"category","embeddable":true,"href":"https:\/\/tv.a11.cz\/api\/wp\/v2\/categories?post=456"},{"taxonomy":"post_tag","embeddable":true,"href":"https:\/\/tv.a11.cz\/api\/wp\/v2\/tags?post=456"},{"taxonomy":"porad","embeddable":true,"href":"https:\/\/tv.a11.cz\/api\/wp\/v2\/porad?post=456"},{"taxonomy":"region","embeddable":true,"href":"https:\/\/tv.a11.cz\/api\/wp\/v2\/region?post=456"}],"curies":[{"name":"wp","href":"https:\/\/api.w.org\/{rel}","templated":true}]}}