{"id":421,"date":"2023-01-06T20:29:50","date_gmt":"2023-01-06T19:29:50","guid":{"rendered":"https:\/\/tv.a11.cz\/?p=421"},"modified":"2023-01-11T20:30:02","modified_gmt":"2023-01-11T19:30:02","slug":"vsetin-mesto-omezi-nevytizene-spoje-mhd","status":"publish","type":"post","link":"https:\/\/tv.a11.cz\/vsetin-mesto-omezi-nevytizene-spoje-mhd-421\/","title":{"rendered":"M\u011bsto Vset\u00edn omez\u00ed nevyt\u00ed\u017een\u00e9 spoje MHD"},"content":{"rendered":"<p>Energetick\u00e1 krize citeln\u011b dopad\u00e1 i na m\u011bstskou hromadnou dopravu.\u00a0 Vset\u00ednsk\u00e1 radnice se proto rozhodla o jej\u00edm omezen\u00ed. N\u00e1klady s n\u00ed spojen\u00e9 v posledn\u00edch m\u011bs\u00edc\u00edch v\u00fdznamn\u011b rostou a veden\u00ed m\u011bsta by se r\u00e1do vyhnulo zdra\u017eov\u00e1n\u00ed j\u00edzdenek.<br \/>\nOd 15. ledna budou omezeny nevyt\u00ed\u017een\u00e9 autobusov\u00e9 spoje, kter\u00e9 jezd\u00ed t\u00e9m\u011b\u0159 pr\u00e1zdn\u00e9. Upraven\u00e9 j\u00edzdn\u00ed \u0159\u00e1dy najdete na webu m\u011bsta Vset\u00edna.<\/p>\n","protected":false},"excerpt":{"rendered":"<p>V d\u016fsledku energetick\u00e9 krize mus\u00ed m\u011bsto omezit hromadnou dopravu, aby nemuselo p\u0159istoupit ke zdra\u017eov\u00e1n\u00ed.<\/p>\n","protected":false},"author":4,"featured_media":604,"comment_status":"closed","ping_status":"closed","sticky":false,"template":"","format":"standard","meta":{"_acf_changed":false,"footnotes":""},"categories":[17,22],"tags":[],"porad":[],"region":[86,64],"class_list":["post-421","post","type-post","status-publish","format-standard","has-post-thumbnail","hentry","category-domaci","category-doprava","region-vsetinsko","region-zlinsky-kraj"],"acf":[],"meta_box":{"odeslat":[]},"_links":{"self":[{"href":"https:\/\/tv.a11.cz\/api\/wp\/v2\/posts\/421","targetHints":{"allow":["GET"]}}],"collection":[{"href":"https:\/\/tv.a11.cz\/api\/wp\/v2\/posts"}],"about":[{"href":"https:\/\/tv.a11.cz\/api\/wp\/v2\/types\/post"}],"author":[{"embeddable":true,"href":"https:\/\/tv.a11.cz\/api\/wp\/v2\/users\/4"}],"replies":[{"embeddable":true,"href":"https:\/\/tv.a11.cz\/api\/wp\/v2\/comments?post=421"}],"version-history":[{"count":2,"href":"https:\/\/tv.a11.cz\/api\/wp\/v2\/posts\/421\/revisions"}],"predecessor-version":[{"id":423,"href":"https:\/\/tv.a11.cz\/api\/wp\/v2\/posts\/421\/revisions\/423"}],"wp:featuredmedia":[{"embeddable":true,"href":"https:\/\/tv.a11.cz\/api\/wp\/v2\/media\/604"}],"wp:attachment":[{"href":"https:\/\/tv.a11.cz\/api\/wp\/v2\/media?parent=421"}],"wp:term":[{"taxonomy":"category","embeddable":true,"href":"https:\/\/tv.a11.cz\/api\/wp\/v2\/categories?post=421"},{"taxonomy":"post_tag","embeddable":true,"href":"https:\/\/tv.a11.cz\/api\/wp\/v2\/tags?post=421"},{"taxonomy":"porad","embeddable":true,"href":"https:\/\/tv.a11.cz\/api\/wp\/v2\/porad?post=421"},{"taxonomy":"region","embeddable":true,"href":"https:\/\/tv.a11.cz\/api\/wp\/v2\/region?post=421"}],"curies":[{"name":"wp","href":"https:\/\/api.w.org\/{rel}","templated":true}]}}