{"id":4192,"date":"2023-05-31T16:33:12","date_gmt":"2023-05-31T14:33:12","guid":{"rendered":"https:\/\/tv.a11.cz\/?p=4192"},"modified":"2023-05-31T16:33:36","modified_gmt":"2023-05-31T14:33:36","slug":"radni-podporili-projekt-soukrome-multifunkcni-areny","status":"publish","type":"post","link":"https:\/\/tv.a11.cz\/radni-podporili-projekt-soukrome-multifunkcni-areny-4192\/","title":{"rendered":"Soukrom\u00e1 multifunk\u010dn\u00ed ar\u00e9na"},"content":{"rendered":"<p>Z\u00e1sadn\u00ed rekonstrukce star\u00e9 plechov\u00e9 ar\u00e9ny nebo v\u00fdstavba nov\u00e9ho zimn\u00edho stadionu v re\u017eii m\u011bsta na zelen\u00e9 louce. Ani jedno, ani druh\u00e9. U olomouck\u00fdch radn\u00edch vyhr\u00e1la t\u0159et\u00ed varianta. Srovn\u00e1vac\u00ed anal\u00fdza jim doporu\u010dila podpo\u0159it projekt multifunk\u010dn\u00ed haly, kterou chce soukrom\u00fd investor postavit na pozemc\u00edch po b\u00fdval\u00fdch vojensk\u00fdch skladech ve Velkomoravsk\u00e9 ulici. Vybran\u00e1 varianta vy\u0161la jako ekonomicky nejv\u00fdhodn\u011bj\u0161\u00ed.<\/p>\n<p>M\u011bsto do d\u00edl\u010d\u00edch oprav zimn\u00edho stadionu v Hynajsov\u011b ulici v posledn\u00edch letech investovalo des\u00edtky milion\u016f korun. Celkov\u00e1 rekonstrukce by st\u00e1la 1,5 miliardy a na dva roky by se plech Ar\u00e9na musela zav\u0159\u00edt. To by byl probl\u00e9m kv\u016fli hokejov\u00e9 extralize.<\/p>\n<p>Pokud by m\u011bsto cht\u011blo stav\u011bt vlastn\u00ed halu, muselo by si na to vz\u00edt \u00fav\u011br s nev\u00fdhodn\u00fdm \u00farokem a neexistuje ani \u017e\u00e1dn\u00fd vhodn\u00fd dota\u010dn\u00ed titul.<\/p>\n<p>Nab\u00eddku ke spolupr\u00e1ci dostalo m\u011bsto od soukrom\u00e9ho investora v z\u00e1\u0159\u00ed lo\u0148sk\u00e9ho roku. Podle n\u00ed multifunk\u010dn\u00ed halu za t\u00e9m\u011b\u0159 dv\u011b miliardy korun postav\u00ed developer Richard Mor\u00e1vek. Radnice by mu ro\u010dn\u011b pos\u00edlala 37 000 000 K\u010d plus inflaci, a to po dobu 30 let. To pova\u017euj\u00ed za riziko i n\u011bkte\u0159\u00ed \u010dlenov\u00e9 rady. Tato varianta pro\u0161la t\u011bsnou v\u011bt\u0161inou.<\/p>\n<p>O usnesen\u00ed rady definitivn\u011b rozhodne m\u011bstsk\u00e9 zastupitelstvo na sv\u00e9m \u010dervnov\u00e9m zased\u00e1n\u00ed. Nebude zat\u00edm schvalovat finan\u010dn\u00ed z\u00e1vazek, ale jen zah\u00e1jen\u00ed p\u0159\u00edprav spolupr\u00e1ce s investorem.<\/p>\n","protected":false},"excerpt":{"rendered":"<p>J\u00e1k\u00e1 jsou jedn\u00e1n\u00ed kolem nov\u00e9 multifunk\u010dn\u00ed haly, kterou m\u011bsto zvolilo jako ekonomicky nejv\u00fdhodn\u011bj\u0161\u00ed variantu? <\/p>\n","protected":false},"author":4,"featured_media":4193,"comment_status":"closed","ping_status":"closed","sticky":false,"template":"","format":"standard","meta":{"_acf_changed":false,"footnotes":""},"categories":[17,159,157],"tags":[],"porad":[],"region":[106,59],"class_list":["post-4192","post","type-post","status-publish","format-standard","has-post-thumbnail","hentry","category-domaci","category-stavebnictvi","category-zpravy","region-olomoucko","region-olomoucky-kraj"],"acf":[],"meta_box":{"odeslat":["nasregion"]},"_links":{"self":[{"href":"https:\/\/tv.a11.cz\/api\/wp\/v2\/posts\/4192","targetHints":{"allow":["GET"]}}],"collection":[{"href":"https:\/\/tv.a11.cz\/api\/wp\/v2\/posts"}],"about":[{"href":"https:\/\/tv.a11.cz\/api\/wp\/v2\/types\/post"}],"author":[{"embeddable":true,"href":"https:\/\/tv.a11.cz\/api\/wp\/v2\/users\/4"}],"replies":[{"embeddable":true,"href":"https:\/\/tv.a11.cz\/api\/wp\/v2\/comments?post=4192"}],"version-history":[{"count":2,"href":"https:\/\/tv.a11.cz\/api\/wp\/v2\/posts\/4192\/revisions"}],"predecessor-version":[{"id":4215,"href":"https:\/\/tv.a11.cz\/api\/wp\/v2\/posts\/4192\/revisions\/4215"}],"wp:featuredmedia":[{"embeddable":true,"href":"https:\/\/tv.a11.cz\/api\/wp\/v2\/media\/4193"}],"wp:attachment":[{"href":"https:\/\/tv.a11.cz\/api\/wp\/v2\/media?parent=4192"}],"wp:term":[{"taxonomy":"category","embeddable":true,"href":"https:\/\/tv.a11.cz\/api\/wp\/v2\/categories?post=4192"},{"taxonomy":"post_tag","embeddable":true,"href":"https:\/\/tv.a11.cz\/api\/wp\/v2\/tags?post=4192"},{"taxonomy":"porad","embeddable":true,"href":"https:\/\/tv.a11.cz\/api\/wp\/v2\/porad?post=4192"},{"taxonomy":"region","embeddable":true,"href":"https:\/\/tv.a11.cz\/api\/wp\/v2\/region?post=4192"}],"curies":[{"name":"wp","href":"https:\/\/api.w.org\/{rel}","templated":true}]}}