{"id":413,"date":"2023-01-09T19:40:19","date_gmt":"2023-01-09T18:40:19","guid":{"rendered":"https:\/\/tv.a11.cz\/?p=413"},"modified":"2023-03-15T18:32:43","modified_gmt":"2023-03-15T17:32:43","slug":"valasske-mezirici-na-namesti-se-propadla-dodavka","status":"publish","type":"post","link":"https:\/\/tv.a11.cz\/valasske-mezirici-na-namesti-se-propadla-dodavka-413\/","title":{"rendered":"Na n\u00e1m\u011bst\u00ed ve Vala\u0161sk\u00e9m Mezi\u0159\u00ed\u010d\u00ed se propadla dod\u00e1vka"},"content":{"rendered":"<p>Za\u010d\u00e1tkem ledna si obyvatel\u00e9 Vala\u0161sk\u00e9ho Mezi\u0159\u00ed\u010d\u00ed mohli v\u0161imnout nezvykl\u00e9 nehody na n\u00e1m\u011bst\u00ed. \u0158idi\u010d dod\u00e1vky najel do prostoru font\u00e1ny, kde je pod vrchn\u00ed vrstvou dut\u00fd prostor, kter\u00fd nen\u00ed stav\u011bn\u00fd na z\u00e1t\u011b\u017e takov\u00e9ho auta. Dla\u017eba se proto propadla.<br \/>\nNep\u0159\u00edjemn\u00e1 situace je pro m\u011bsto varov\u00e1n\u00edm, aby si d\u00e1valo pozor na dal\u0161\u00ed podobn\u00e1 kritick\u00e1 m\u00edsta.<br \/>\nOb\u010dan\u00e9 mohou z\u016fstat v klidu. Takov\u00e1 nehoda se u\u017e nebude opakovat. Nen\u00ed t\u0159eba se ob\u00e1vat nap\u0159\u00edklad um\u00edst\u011bn\u00ed tribuny na koncerty. V\u00e1ha a z\u00e1t\u011b\u017e je rozd\u011blena v plo\u0161e a n\u00e1m\u011bst\u00ed a cel\u00fd projekt s touto z\u00e1t\u011b\u017e\u00ed po\u010d\u00edt\u00e1 i v prostor\u00e1ch font\u00e1ny.<br \/>\nBarevn\u00e1 font\u00e1na je p\u0159es zimu mimo provoz. A\u017e dovol\u00ed po\u010das\u00ed, prob\u011bhne natlakov\u00e1n\u00ed cel\u00e9ho syst\u00e9mu a zkou\u0161ka, jak moc byl syst\u00e9m font\u00e1ny po\u0161kozen.<\/p>\n","protected":false},"excerpt":{"rendered":"<p>V \u00fater\u00fd 3. ledna do\u0161lo na n\u00e1m\u011bst\u00ed ve Vala\u0161sk\u00e9m Mezi\u0159\u00ed\u010d\u00ed ke kuri\u00f3zn\u00ed nehod\u011b. \u0158idi\u010d dod\u00e1vky, kter\u00fd nakl\u00e1dal TOI TOI vjel na m\u00edsto kde nem\u011bl co d\u011blat.<\/p>\n","protected":false},"author":4,"featured_media":545,"comment_status":"closed","ping_status":"closed","sticky":false,"template":"","format":"standard","meta":{"_acf_changed":false,"footnotes":""},"categories":[17,22],"tags":[],"porad":[],"region":[86,64],"class_list":["post-413","post","type-post","status-publish","format-standard","has-post-thumbnail","hentry","category-domaci","category-doprava","region-vsetinsko","region-zlinsky-kraj"],"acf":[],"meta_box":{"odeslat":[]},"_links":{"self":[{"href":"https:\/\/tv.a11.cz\/api\/wp\/v2\/posts\/413","targetHints":{"allow":["GET"]}}],"collection":[{"href":"https:\/\/tv.a11.cz\/api\/wp\/v2\/posts"}],"about":[{"href":"https:\/\/tv.a11.cz\/api\/wp\/v2\/types\/post"}],"author":[{"embeddable":true,"href":"https:\/\/tv.a11.cz\/api\/wp\/v2\/users\/4"}],"replies":[{"embeddable":true,"href":"https:\/\/tv.a11.cz\/api\/wp\/v2\/comments?post=413"}],"version-history":[{"count":3,"href":"https:\/\/tv.a11.cz\/api\/wp\/v2\/posts\/413\/revisions"}],"predecessor-version":[{"id":416,"href":"https:\/\/tv.a11.cz\/api\/wp\/v2\/posts\/413\/revisions\/416"}],"wp:featuredmedia":[{"embeddable":true,"href":"https:\/\/tv.a11.cz\/api\/wp\/v2\/media\/545"}],"wp:attachment":[{"href":"https:\/\/tv.a11.cz\/api\/wp\/v2\/media?parent=413"}],"wp:term":[{"taxonomy":"category","embeddable":true,"href":"https:\/\/tv.a11.cz\/api\/wp\/v2\/categories?post=413"},{"taxonomy":"post_tag","embeddable":true,"href":"https:\/\/tv.a11.cz\/api\/wp\/v2\/tags?post=413"},{"taxonomy":"porad","embeddable":true,"href":"https:\/\/tv.a11.cz\/api\/wp\/v2\/porad?post=413"},{"taxonomy":"region","embeddable":true,"href":"https:\/\/tv.a11.cz\/api\/wp\/v2\/region?post=413"}],"curies":[{"name":"wp","href":"https:\/\/api.w.org\/{rel}","templated":true}]}}