{"id":4090,"date":"2023-05-30T16:06:31","date_gmt":"2023-05-30T14:06:31","guid":{"rendered":"https:\/\/tv.a11.cz\/?p=4090"},"modified":"2023-05-30T16:08:31","modified_gmt":"2023-05-30T14:08:31","slug":"smlouva-s-firmou-eko-kom-pokracuje","status":"publish","type":"post","link":"https:\/\/tv.a11.cz\/smlouva-s-firmou-eko-kom-pokracuje-4090\/","title":{"rendered":"Prost\u011bjov vyd\u011bl\u00e1v\u00e1 na t\u0159\u00edd\u011bn\u00e9m odpadu"},"content":{"rendered":"<p>M\u011bsto Prost\u011bjov u\u017e \u0159adu let spolupracuje s firmou EKO-KOM, kter\u00e1 od n\u011bj vykupuje t\u0159\u00edd\u011bn\u00fd odpad. \u010c\u00edm v\u00edce m\u011bsto t\u0159\u00edd\u00ed, t\u00edm v\u00edce dost\u00e1v\u00e1 od spole\u010dnosti zaplaceno. V\u0161echny tyto p\u0159\u00edjmy jdou rovnou do m\u011bstsk\u00e9ho rozpo\u010dtu. V roce 2015 obdr\u017eelo m\u011bsto odm\u011bnu 5\u00a0171\u00a0000 K\u010d. V lo\u0148sk\u00e9m roce byl \u010d\u00e1stka dokoce 9\u00a0347\u00a0000 K\u010d. Na p\u0159\u00edkladu je patrn\u00e9, \u017ee ob\u010dan\u00e9 t\u0159\u00edd\u00ed skute\u010dn\u011b v\u00fdborn\u011b.<\/p>\n<p>Pro velkou spokojenost na obou stran\u00e1ch m\u011bsto v kv\u011btnu prodlou\u017eilo se spole\u010dnost\u00ed EKO-KOM smlouvu. Jako novinku firka EKO-KOM zav\u00e1d\u00ed v cel\u00e9 republice odm\u011bnu pro m\u011bsta a obce za sb\u011br plast\u016f, kter\u00e9 lid\u00e9 pohod\u00ed mmimo kontejner.<\/p>\n","protected":false},"excerpt":{"rendered":"<p>Spole\u010dnost, kter\u00e1 od m\u011bst vykupuje t\u0159\u00edd\u011bn\u00fd odpad prodlou\u017eila smlouvu s Prost\u011bjovem, kter\u00fd tak m\u00e1 nemal\u00fd p\u0159\u00edjem do sv\u00e9ho m\u011bstsk\u00e9ho rozpo\u010dtu. <\/p>\n","protected":false},"author":4,"featured_media":4116,"comment_status":"closed","ping_status":"closed","sticky":false,"template":"","format":"standard","meta":{"_acf_changed":false,"footnotes":""},"categories":[17,223,157],"tags":[],"porad":[],"region":[59,107],"class_list":["post-4090","post","type-post","status-publish","format-standard","has-post-thumbnail","hentry","category-domaci","category-ekologie","category-zpravy","region-olomoucky-kraj","region-prostejovsko"],"acf":[],"meta_box":{"odeslat":["nasregion"]},"_links":{"self":[{"href":"https:\/\/tv.a11.cz\/api\/wp\/v2\/posts\/4090","targetHints":{"allow":["GET"]}}],"collection":[{"href":"https:\/\/tv.a11.cz\/api\/wp\/v2\/posts"}],"about":[{"href":"https:\/\/tv.a11.cz\/api\/wp\/v2\/types\/post"}],"author":[{"embeddable":true,"href":"https:\/\/tv.a11.cz\/api\/wp\/v2\/users\/4"}],"replies":[{"embeddable":true,"href":"https:\/\/tv.a11.cz\/api\/wp\/v2\/comments?post=4090"}],"version-history":[{"count":2,"href":"https:\/\/tv.a11.cz\/api\/wp\/v2\/posts\/4090\/revisions"}],"predecessor-version":[{"id":4115,"href":"https:\/\/tv.a11.cz\/api\/wp\/v2\/posts\/4090\/revisions\/4115"}],"wp:featuredmedia":[{"embeddable":true,"href":"https:\/\/tv.a11.cz\/api\/wp\/v2\/media\/4116"}],"wp:attachment":[{"href":"https:\/\/tv.a11.cz\/api\/wp\/v2\/media?parent=4090"}],"wp:term":[{"taxonomy":"category","embeddable":true,"href":"https:\/\/tv.a11.cz\/api\/wp\/v2\/categories?post=4090"},{"taxonomy":"post_tag","embeddable":true,"href":"https:\/\/tv.a11.cz\/api\/wp\/v2\/tags?post=4090"},{"taxonomy":"porad","embeddable":true,"href":"https:\/\/tv.a11.cz\/api\/wp\/v2\/porad?post=4090"},{"taxonomy":"region","embeddable":true,"href":"https:\/\/tv.a11.cz\/api\/wp\/v2\/region?post=4090"}],"curies":[{"name":"wp","href":"https:\/\/api.w.org\/{rel}","templated":true}]}}