{"id":4081,"date":"2023-05-30T14:29:46","date_gmt":"2023-05-30T12:29:46","guid":{"rendered":"https:\/\/tv.a11.cz\/?p=4081"},"modified":"2023-05-30T14:30:06","modified_gmt":"2023-05-30T12:30:06","slug":"horkovod-privede-do-brna-teplo-z-jaderne-elektrarny-dukovany","status":"publish","type":"post","link":"https:\/\/tv.a11.cz\/horkovod-privede-do-brna-teplo-z-jaderne-elektrarny-dukovany-4081\/","title":{"rendered":"Horkovod z Dukovan"},"content":{"rendered":"<p>Brno nakro\u010dilo k maxim\u00e1ln\u00ed mo\u017en\u00e9 energetick\u00e9 sob\u011bsta\u010dnosti. Do moravsk\u00e9 metropole cht\u011bj\u00ed p\u0159iv\u00e1d\u011bt teplo horkovodem z jadern\u00e9 elektr\u00e1rny Dukovany. Radnici rozh\u00fdbal i rusko-ukrajinsk\u00fd konflikt a st\u00e1vaj\u00edc\u00ed ceny energi\u00ed. V Brn\u011b do\u0161lo k slavnostn\u00edmu podpisu smlouvy mezi spole\u010dnost\u00ed \u010cEZ a Tepl\u00e1rny Brno o spolupr\u00e1ci na p\u0159\u00edprav\u011b projektu horkovodu, kter\u00fd p\u0159ivede do Brna teplo z jadern\u00e9 elektr\u00e1rny Dukovany. Akce se uskute\u010dnila za p\u0159\u00edtomnosti p\u0159edsedy vl\u00e1dy Petra Fialy a prim\u00e1torky m\u011bsta Brna Mark\u00e9ty Va\u0148kov\u00e9.<\/p>\n<p>Moravsk\u00e1 metropole se spolu s m\u011bstsk\u00fdmi tepl\u00e1rnami a \u010cEZ dohodli na projektu 42 km dlouh\u00e9ho horkovodu, kter\u00fd povede z jadern\u00e9 elektr\u00e1rny Dukovany do m\u011bsta. Horkovod bude zakop\u00e1n do pol\u00ed a hork\u00e1 voda by tak z jadern\u00e9 elektr\u00e1rny doputovala do m\u011bsta za \u0161est hodin. D\u00edky p\u0159edizolovan\u00e9mu potrub\u00ed klesne teplota vody b\u011bhem cesty jen o 1 \u00b0C.<br \/>\nPolo\u017een\u00ed potrub\u00ed by podle expert\u016f nem\u011blo b\u00fdt technologicky n\u00e1ro\u010dn\u00e9.<\/p>\n","protected":false},"excerpt":{"rendered":"<p>Brno chce do budoucna zajistit dod\u00e1vky tepla ekologickou a levnou cestou. Dv\u011b hlavn\u00ed spole\u010dnosti, Tepl\u00e1rny Brno a \u010cEZ, uzav\u0159ely smlouvu o spolupr\u00e1ci p\u0159i stavb\u011b horkovodu z Dukovan, kter\u00fd by Brno zateplil z poloviny.<\/p>\n","protected":false},"author":4,"featured_media":4082,"comment_status":"closed","ping_status":"closed","sticky":false,"template":"","format":"standard","meta":{"_acf_changed":false,"footnotes":""},"categories":[17,161,157],"tags":[],"porad":[],"region":[134,53],"class_list":["post-4081","post","type-post","status-publish","format-standard","has-post-thumbnail","hentry","category-domaci","category-energie","category-zpravy","region-brnensko","region-jihomoravsky-kraj"],"acf":[],"meta_box":{"odeslat":["nasregion"]},"_links":{"self":[{"href":"https:\/\/tv.a11.cz\/api\/wp\/v2\/posts\/4081","targetHints":{"allow":["GET"]}}],"collection":[{"href":"https:\/\/tv.a11.cz\/api\/wp\/v2\/posts"}],"about":[{"href":"https:\/\/tv.a11.cz\/api\/wp\/v2\/types\/post"}],"author":[{"embeddable":true,"href":"https:\/\/tv.a11.cz\/api\/wp\/v2\/users\/4"}],"replies":[{"embeddable":true,"href":"https:\/\/tv.a11.cz\/api\/wp\/v2\/comments?post=4081"}],"version-history":[{"count":3,"href":"https:\/\/tv.a11.cz\/api\/wp\/v2\/posts\/4081\/revisions"}],"predecessor-version":[{"id":4086,"href":"https:\/\/tv.a11.cz\/api\/wp\/v2\/posts\/4081\/revisions\/4086"}],"wp:featuredmedia":[{"embeddable":true,"href":"https:\/\/tv.a11.cz\/api\/wp\/v2\/media\/4082"}],"wp:attachment":[{"href":"https:\/\/tv.a11.cz\/api\/wp\/v2\/media?parent=4081"}],"wp:term":[{"taxonomy":"category","embeddable":true,"href":"https:\/\/tv.a11.cz\/api\/wp\/v2\/categories?post=4081"},{"taxonomy":"post_tag","embeddable":true,"href":"https:\/\/tv.a11.cz\/api\/wp\/v2\/tags?post=4081"},{"taxonomy":"porad","embeddable":true,"href":"https:\/\/tv.a11.cz\/api\/wp\/v2\/porad?post=4081"},{"taxonomy":"region","embeddable":true,"href":"https:\/\/tv.a11.cz\/api\/wp\/v2\/region?post=4081"}],"curies":[{"name":"wp","href":"https:\/\/api.w.org\/{rel}","templated":true}]}}