{"id":396,"date":"2023-01-03T13:59:58","date_gmt":"2023-01-03T12:59:58","guid":{"rendered":"https:\/\/tv.a11.cz\/?p=396"},"modified":"2023-01-11T20:56:30","modified_gmt":"2023-01-11T19:56:30","slug":"vsetin-sportovni-magazin-listopad","status":"publish","type":"post","link":"https:\/\/tv.a11.cz\/vsetin-sportovni-magazin-listopad-396\/","title":{"rendered":"Listopadov\u00fd sportovn\u00ed magaz\u00edn m\u011bsta Vset\u00edn"},"content":{"rendered":"<p>T\u00e9m\u011b\u0159 po 16 letech se na Lapa\u010di odehr\u00e1lo sout\u011b\u017en\u00ed derby mezi Vset\u00ednem a Zl\u00ednem a div\u00e1ci si u\u017eili v\u00fdborn\u00fd hokej s\u00a0maxim\u00e1ln\u00edm nasazen\u00edm a kone\u010dn\u00fdm v\u00fdsledkem 4:1 pro dom\u00e1c\u00ed.<\/p>\n<p>U hokeje je\u0161t\u011b z\u016fstaneme. Osmn\u00e1ct\u00e9 kolo hokejov\u00e9 Chance ligy zavedlo hokejisty Vset\u00edna na led Fr\u00fddku-M\u00edstku. Po bezbrankov\u00e9 prvn\u00ed t\u0159etin\u011b se ujali veden\u00ed dom\u00e1c\u00ed, ale Vset\u00edn\u0161t\u00ed nez\u016fstali dlouho pozadu. Kone\u010dn\u00fd v\u00fdsledek oslavoval Vset\u00edn, a to 4:1.<\/p>\n<p>Nezapom\u00edn\u00e1me ani na fotbal. Fotbalist\u00e9 Vset\u00edna zakon\u010dili v r\u00e1mci t\u0159in\u00e1ct\u00e9ho kola divizn\u00ed sout\u011b\u017ee podzimn\u00ed \u010d\u00e1st sez\u00f3ny. Na sv\u00e9m h\u0159i\u0161ti na Tyr\u0161ovce p\u0159iv\u00edtali celek FK \u0160ternberk. I kdy\u017e se jednalo o skv\u011bl\u00fd z\u00e1pas, ani jednomu z\u00a0t\u00fdm\u016f se branka nepoda\u0159ila. T\u00fdmy se roze\u0161ly sm\u00edrnou rem\u00edzou 0:0.<\/p>\n<p>Na chv\u00edli se je\u0161t\u011b vr\u00e1t\u00edme k\u00a0hokeji, proto\u017ee v\u00a0posledn\u00edm utk\u00e1n\u00ed p\u0159ed pauzou Vset\u00edn t\u011bsn\u011b nesta\u010dil na Jihlavu. Jihlava si tak ze Vset\u00edna odvezla 3 body za v\u00fdhru \u00a02:1.<\/p>\n<p>Ve \u010dtvrtek 24. listopadu byl hostem besedy v\u00a0hudebn\u00edm klubu T\u0159i opice Sv\u00e1\u0165a Bo\u017e\u00e1k, \u010desk\u00e1 legenda vytrvalostn\u00ed cyklistiky. Setk\u00e1n\u00ed uspo\u0159\u00e1dali bike\u0159i a organiz\u00e1to\u0159i cykloturistick\u00e9ho projektu Vrcha\u0159sk\u00e1 koruna Vala\u0161ska. Mluvilo se p\u0159edev\u0161\u00edm o Sva\u0165ov\u011b leto\u0161n\u00edm v\u00fdkonu ve vytrvalostn\u00edm z\u00e1vodu nap\u0159\u00ed\u010d Amerikou, kde ve sv\u00e9 kategorii zv\u00edt\u011bzil.<\/p>\n","protected":false},"excerpt":{"rendered":"<p>Pod\u00edvejte se na listopadov\u00e9 sportovn\u00ed ud\u00e1losti ze Vset\u00edna.<\/p>\n","protected":false},"author":4,"featured_media":598,"comment_status":"closed","ping_status":"closed","sticky":false,"template":"","format":"standard","meta":{"_acf_changed":false,"footnotes":""},"categories":[17,28],"tags":[],"porad":[],"region":[86,64],"class_list":["post-396","post","type-post","status-publish","format-standard","has-post-thumbnail","hentry","category-domaci","category-sport","region-vsetinsko","region-zlinsky-kraj"],"acf":[],"meta_box":{"odeslat":[]},"_links":{"self":[{"href":"https:\/\/tv.a11.cz\/api\/wp\/v2\/posts\/396","targetHints":{"allow":["GET"]}}],"collection":[{"href":"https:\/\/tv.a11.cz\/api\/wp\/v2\/posts"}],"about":[{"href":"https:\/\/tv.a11.cz\/api\/wp\/v2\/types\/post"}],"author":[{"embeddable":true,"href":"https:\/\/tv.a11.cz\/api\/wp\/v2\/users\/4"}],"replies":[{"embeddable":true,"href":"https:\/\/tv.a11.cz\/api\/wp\/v2\/comments?post=396"}],"version-history":[{"count":2,"href":"https:\/\/tv.a11.cz\/api\/wp\/v2\/posts\/396\/revisions"}],"predecessor-version":[{"id":433,"href":"https:\/\/tv.a11.cz\/api\/wp\/v2\/posts\/396\/revisions\/433"}],"wp:featuredmedia":[{"embeddable":true,"href":"https:\/\/tv.a11.cz\/api\/wp\/v2\/media\/598"}],"wp:attachment":[{"href":"https:\/\/tv.a11.cz\/api\/wp\/v2\/media?parent=396"}],"wp:term":[{"taxonomy":"category","embeddable":true,"href":"https:\/\/tv.a11.cz\/api\/wp\/v2\/categories?post=396"},{"taxonomy":"post_tag","embeddable":true,"href":"https:\/\/tv.a11.cz\/api\/wp\/v2\/tags?post=396"},{"taxonomy":"porad","embeddable":true,"href":"https:\/\/tv.a11.cz\/api\/wp\/v2\/porad?post=396"},{"taxonomy":"region","embeddable":true,"href":"https:\/\/tv.a11.cz\/api\/wp\/v2\/region?post=396"}],"curies":[{"name":"wp","href":"https:\/\/api.w.org\/{rel}","templated":true}]}}