{"id":3644,"date":"2023-05-25T08:23:24","date_gmt":"2023-05-25T06:23:24","guid":{"rendered":"https:\/\/tv.a11.cz\/?p=3644"},"modified":"2023-05-25T13:25:43","modified_gmt":"2023-05-25T11:25:43","slug":"pestounska-pece","status":"publish","type":"post","link":"https:\/\/tv.a11.cz\/pestounska-pece-3644\/","title":{"rendered":"P\u011bstounsk\u00e1 p\u00e9\u010de a projekt Eurokl\u00ed\u010d"},"content":{"rendered":"<p>Na tiskov\u00e9 konferenci byla p\u0159edstavena i nov\u00e1 spolupr\u00e1ce s projektem Eurokl\u00ed\u010d, kter\u00e1 se poda\u0159ila st\u0159edo\u010desk\u00e9mu kraji zajistit. Po\u017eadavek o eurokl\u00ed\u010d byl vznesen ze strany p\u011bstoun\u016f na jedn\u00e9 z p\u011bstounsk\u00fdch akc\u00ed. Eurokl\u00ed\u010d je speci\u00e1ln\u00ed kl\u00ed\u010d, kter\u00fdm se otev\u00edr\u00e1 euroz\u00e1mek. Ten se pou\u017e\u00edv\u00e1 \u00a0na soci\u00e1ln\u00edch a technick\u00fdch za\u0159\u00edzen\u00edch, kter\u00e9 jsou ur\u010den\u00e9 pro zdravotn\u011b posti\u017een\u00e9. Jedn\u00e1 se o \u010dist\u00e1 m\u00edsta, kter\u00e1 tak nyn\u00ed mohou vyu\u017e\u00edvat nap\u0159\u00edklad p\u011bstouni mal\u00fdch miminek a d\u011bt\u00ed, kte\u0159\u00ed \u010distotu pot\u0159ebuj\u00ed.<\/p>\n<p>Pro eurokl\u00ed\u010d je mo\u017en\u00e9 si doj\u00edt v ka\u017ed\u00e9m kraji. Ve\u0161ker\u00e9 informace jsou dohledateln\u00e9 na webov\u00fdch str\u00e1nk\u00e1ch eurokl\u00ed\u010de. Pokud m\u00e1te pr\u016fkazku OZP, sta\u010d\u00ed vyplnit eviden\u010dn\u00ed list.<\/p>\n<p>I kdy\u017e je moment\u00e1ln\u011b ve St\u0159edo\u010desk\u00e9m kraji nejv\u00edce p\u011bstoun\u016f od roku 2010, je jich st\u00e1le velk\u00fd nedostatek. Pro z\u00e1jemce o p\u011bstounstv\u00ed je p\u0159ipravena velk\u00e1 podpora ze strany kraje a dal\u0161\u00edch instituc\u00ed.<\/p>\n","protected":false},"excerpt":{"rendered":"<p>Na krajsk\u00e9m \u00fa\u0159adu St\u0159edo\u010desk\u00e9ho kraje prob\u011bhla tiskov\u00e1 konference k problematice p\u011bstounsk\u00e9 p\u00e9\u010de. P\u0159edstavena byla i nov\u00e1 spolupr\u00e1ce s Eurokl\u00ed\u010dem.<\/p>\n","protected":false},"author":4,"featured_media":3646,"comment_status":"closed","ping_status":"closed","sticky":false,"template":"","format":"standard","meta":{"_acf_changed":false,"footnotes":""},"categories":[17,157],"tags":[],"porad":[],"region":[62],"class_list":["post-3644","post","type-post","status-publish","format-standard","has-post-thumbnail","hentry","category-domaci","category-zpravy","region-stredocesky-kraj"],"acf":[],"meta_box":{"odeslat":["nasregion"]},"_links":{"self":[{"href":"https:\/\/tv.a11.cz\/api\/wp\/v2\/posts\/3644","targetHints":{"allow":["GET"]}}],"collection":[{"href":"https:\/\/tv.a11.cz\/api\/wp\/v2\/posts"}],"about":[{"href":"https:\/\/tv.a11.cz\/api\/wp\/v2\/types\/post"}],"author":[{"embeddable":true,"href":"https:\/\/tv.a11.cz\/api\/wp\/v2\/users\/4"}],"replies":[{"embeddable":true,"href":"https:\/\/tv.a11.cz\/api\/wp\/v2\/comments?post=3644"}],"version-history":[{"count":5,"href":"https:\/\/tv.a11.cz\/api\/wp\/v2\/posts\/3644\/revisions"}],"predecessor-version":[{"id":3671,"href":"https:\/\/tv.a11.cz\/api\/wp\/v2\/posts\/3644\/revisions\/3671"}],"wp:featuredmedia":[{"embeddable":true,"href":"https:\/\/tv.a11.cz\/api\/wp\/v2\/media\/3646"}],"wp:attachment":[{"href":"https:\/\/tv.a11.cz\/api\/wp\/v2\/media?parent=3644"}],"wp:term":[{"taxonomy":"category","embeddable":true,"href":"https:\/\/tv.a11.cz\/api\/wp\/v2\/categories?post=3644"},{"taxonomy":"post_tag","embeddable":true,"href":"https:\/\/tv.a11.cz\/api\/wp\/v2\/tags?post=3644"},{"taxonomy":"porad","embeddable":true,"href":"https:\/\/tv.a11.cz\/api\/wp\/v2\/porad?post=3644"},{"taxonomy":"region","embeddable":true,"href":"https:\/\/tv.a11.cz\/api\/wp\/v2\/region?post=3644"}],"curies":[{"name":"wp","href":"https:\/\/api.w.org\/{rel}","templated":true}]}}