{"id":3477,"date":"2023-05-23T08:55:05","date_gmt":"2023-05-23T06:55:05","guid":{"rendered":"https:\/\/tv.a11.cz\/?p=3477"},"modified":"2023-05-25T13:28:39","modified_gmt":"2023-05-25T11:28:39","slug":"fotovoltaicke-elektrarny-obsadi-strechy-mestskych-budov","status":"publish","type":"post","link":"https:\/\/tv.a11.cz\/fotovoltaicke-elektrarny-obsadi-strechy-mestskych-budov-3477\/","title":{"rendered":"Fotovoltaick\u00e9 elektr\u00e1rny obsad\u00ed st\u0159echy m\u011bstsk\u00fdch budov"},"content":{"rendered":"<p>Vset\u00ednsk\u00e1 radnice si ji\u017e smluvn\u011b rezervovala u spole\u010dnosti \u010cEZ budouc\u00ed kapacitu elektr\u00e1ren. Moment\u00e1ln\u011b je m\u011bsto ve f\u00e1zi zpracov\u00e1n\u00ed projektov\u00e9 dokumentace. Objekty, kter\u00e9 by pro instalaci p\u0159ich\u00e1zely v \u00favahu jsou z\u00e1kladn\u00ed \u0161koly, budova knihovny a hala Na Lapa\u010di. Finance by r\u00e1da radnice z\u00edskala z dotac\u00ed, kter\u00e9 poskytuje st\u00e1t, a to a\u017e do v\u00fd\u0161e 50% investice.<\/p>\n<p>M\u011bsto Vset\u00edn nen\u00ed v provozov\u00e1n\u00ed fotovoltaiky nov\u00e1\u010dkem. Na sv\u00e9 z\u00e1kladn\u00ed \u0161kole v Rokytnici m\u00e1 elektr\u00e1rnu u\u017e od roku 2010. Investice m\u011bsta do n\u00ed se u\u017e vr\u00e1tila a v Rokytnici vznikne i dal\u0161\u00ed, tentokr\u00e1t na mate\u0159sk\u00e9 \u0161kolce.<\/p>\n","protected":false},"excerpt":{"rendered":"<p>Pl\u00e1n Vset\u00ednsk\u00e9 radnice zn\u00ed jasn\u011b. vyu\u017e\u00edt st\u0159echy m\u011bstsk\u00fdch budov pro instalaci fotovoltaick\u00fdch elektr\u00e1ren. N\u00e1vratnost investice m\u00e1 b\u00fdt rychl\u00e1.<\/p>\n","protected":false},"author":4,"featured_media":3481,"comment_status":"closed","ping_status":"closed","sticky":false,"template":"","format":"standard","meta":{"_acf_changed":false,"footnotes":""},"categories":[17,161,157],"tags":[],"porad":[],"region":[86,64],"class_list":["post-3477","post","type-post","status-publish","format-standard","has-post-thumbnail","hentry","category-domaci","category-energie","category-zpravy","region-vsetinsko","region-zlinsky-kraj"],"acf":[],"meta_box":{"odeslat":["nasregion"]},"_links":{"self":[{"href":"https:\/\/tv.a11.cz\/api\/wp\/v2\/posts\/3477","targetHints":{"allow":["GET"]}}],"collection":[{"href":"https:\/\/tv.a11.cz\/api\/wp\/v2\/posts"}],"about":[{"href":"https:\/\/tv.a11.cz\/api\/wp\/v2\/types\/post"}],"author":[{"embeddable":true,"href":"https:\/\/tv.a11.cz\/api\/wp\/v2\/users\/4"}],"replies":[{"embeddable":true,"href":"https:\/\/tv.a11.cz\/api\/wp\/v2\/comments?post=3477"}],"version-history":[{"count":2,"href":"https:\/\/tv.a11.cz\/api\/wp\/v2\/posts\/3477\/revisions"}],"predecessor-version":[{"id":3674,"href":"https:\/\/tv.a11.cz\/api\/wp\/v2\/posts\/3477\/revisions\/3674"}],"wp:featuredmedia":[{"embeddable":true,"href":"https:\/\/tv.a11.cz\/api\/wp\/v2\/media\/3481"}],"wp:attachment":[{"href":"https:\/\/tv.a11.cz\/api\/wp\/v2\/media?parent=3477"}],"wp:term":[{"taxonomy":"category","embeddable":true,"href":"https:\/\/tv.a11.cz\/api\/wp\/v2\/categories?post=3477"},{"taxonomy":"post_tag","embeddable":true,"href":"https:\/\/tv.a11.cz\/api\/wp\/v2\/tags?post=3477"},{"taxonomy":"porad","embeddable":true,"href":"https:\/\/tv.a11.cz\/api\/wp\/v2\/porad?post=3477"},{"taxonomy":"region","embeddable":true,"href":"https:\/\/tv.a11.cz\/api\/wp\/v2\/region?post=3477"}],"curies":[{"name":"wp","href":"https:\/\/api.w.org\/{rel}","templated":true}]}}