{"id":3301,"date":"2023-05-19T08:50:00","date_gmt":"2023-05-19T06:50:00","guid":{"rendered":"https:\/\/tv.a11.cz\/?p=3301"},"modified":"2023-05-25T13:32:08","modified_gmt":"2023-05-25T11:32:08","slug":"narust-nehod-tramvaji-v-brne","status":"publish","type":"post","link":"https:\/\/tv.a11.cz\/narust-nehod-tramvaji-v-brne-3301\/","title":{"rendered":"N\u00e1r\u016fst nehod tramvaj\u00ed v Brn\u011b"},"content":{"rendered":"<p>Na \u00fazem\u00ed m\u011bsta Brna se stane ro\u010dn\u011b a\u017e 2800 nehod. Z toho tvo\u0159\u00ed velkou \u010d\u00e1st kolize s tramvaj\u00ed.<\/p>\n<p>Proto spou\u0161t\u00ed m\u011bsto osv\u011btovou kampa\u0148 Brnem bezpe\u010dn\u011b, kdy nap\u0159\u00edklad zve\u0159ej\u0148uje videa z kabin tramvaj\u00ed.\u00a0 Maj\u00ed varovat \u0159idi\u010de a upozor\u0148ovat na opakuj\u00edc\u00ed se chyby. V\u00edce ne\u017e t\u0159etina dopravn\u00edch nehod s \u00fa\u010dast\u00ed tramvaj\u00ed je zp\u016fsoben\u00e1 ned\u00e1n\u00edm p\u0159ednosti v j\u00edzd\u011b, a to konkr\u00e9tn\u011b p\u0159i odbo\u010den\u00ed doleva, kdy si \u0159idi\u010di nev\u0161imnou bl\u00ed\u017e\u00edc\u00ed se tramvaje.<\/p>\n<p>Vzhledem k v\u00e1ze tramvaje mohou m\u00edt nehody v\u00e1\u017en\u00e9 n\u00e1sledky. Na kter\u00fdch m\u00edstech doch\u00e1z\u00ed ke koliz\u00edm nej\u010dast\u011bji se dozv\u00edte ve videu.<\/p>\n","protected":false},"excerpt":{"rendered":"<p>Brn\u011bnsk\u00fd dopravn\u00ed podnik zaznamenal za lo\u0148sk\u00fd rok 800 nehod mezi automobilem a tramvaj\u00ed. \u010c\u00edsla jsou st\u00e1le vy\u0161\u0161\u00ed. Proto nyn\u00ed m\u011bsto spou\u0161t\u00ed osv\u011btovou kampa\u0148.<\/p>\n","protected":false},"author":4,"featured_media":3298,"comment_status":"closed","ping_status":"closed","sticky":false,"template":"","format":"standard","meta":{"_acf_changed":false,"footnotes":""},"categories":[17,22,157],"tags":[],"porad":[],"region":[134,53],"class_list":["post-3301","post","type-post","status-publish","format-standard","has-post-thumbnail","hentry","category-domaci","category-doprava","category-zpravy","region-brnensko","region-jihomoravsky-kraj"],"acf":[],"meta_box":{"odeslat":["nasregion"]},"_links":{"self":[{"href":"https:\/\/tv.a11.cz\/api\/wp\/v2\/posts\/3301","targetHints":{"allow":["GET"]}}],"collection":[{"href":"https:\/\/tv.a11.cz\/api\/wp\/v2\/posts"}],"about":[{"href":"https:\/\/tv.a11.cz\/api\/wp\/v2\/types\/post"}],"author":[{"embeddable":true,"href":"https:\/\/tv.a11.cz\/api\/wp\/v2\/users\/4"}],"replies":[{"embeddable":true,"href":"https:\/\/tv.a11.cz\/api\/wp\/v2\/comments?post=3301"}],"version-history":[{"count":5,"href":"https:\/\/tv.a11.cz\/api\/wp\/v2\/posts\/3301\/revisions"}],"predecessor-version":[{"id":3679,"href":"https:\/\/tv.a11.cz\/api\/wp\/v2\/posts\/3301\/revisions\/3679"}],"wp:featuredmedia":[{"embeddable":true,"href":"https:\/\/tv.a11.cz\/api\/wp\/v2\/media\/3298"}],"wp:attachment":[{"href":"https:\/\/tv.a11.cz\/api\/wp\/v2\/media?parent=3301"}],"wp:term":[{"taxonomy":"category","embeddable":true,"href":"https:\/\/tv.a11.cz\/api\/wp\/v2\/categories?post=3301"},{"taxonomy":"post_tag","embeddable":true,"href":"https:\/\/tv.a11.cz\/api\/wp\/v2\/tags?post=3301"},{"taxonomy":"porad","embeddable":true,"href":"https:\/\/tv.a11.cz\/api\/wp\/v2\/porad?post=3301"},{"taxonomy":"region","embeddable":true,"href":"https:\/\/tv.a11.cz\/api\/wp\/v2\/region?post=3301"}],"curies":[{"name":"wp","href":"https:\/\/api.w.org\/{rel}","templated":true}]}}