{"id":3039,"date":"2023-05-16T09:43:36","date_gmt":"2023-05-16T07:43:36","guid":{"rendered":"https:\/\/tv.a11.cz\/?p=3039"},"modified":"2023-05-25T13:39:05","modified_gmt":"2023-05-25T11:39:05","slug":"mc-praha-libus-odvolava-reditele-zs-i-pres-odpor-rodicu","status":"publish","type":"post","link":"https:\/\/tv.a11.cz\/mc-praha-libus-odvolava-reditele-zs-i-pres-odpor-rodicu-3039\/","title":{"rendered":"M\u010c Praha-Libu\u0161 odvol\u00e1v\u00e1 \u0159editele Z\u0160"},"content":{"rendered":"<p>T\u0159i sta rodi\u010d\u016f a \u017e\u00e1k\u016f Z\u00e1kladn\u00ed \u0161koly Meteorologick\u00e1 v Praze se spojilo a podepsalo petici za znovuzvolen\u00ed sou\u010dasn\u00e9ho \u0159editele Jaroslava Kul\u00edka. \u00a0Petici rodi\u010de odevzdali m\u011bstsk\u00e9 \u010d\u00e1sti Praha Libu\u0161, pod kterou z\u00e1kladn\u00ed \u0161kola spad\u00e1. Podepsan\u00ed rodi\u010de zd\u016fraz\u0148uj\u00ed, \u017ee se \u0161kola pod veden\u00edm sou\u010dasn\u00e9ho \u0159editele v\u00fdrazn\u011b zlep\u0161ila.<\/p>\n<p>Sou\u010dasn\u00e9mu \u0159editeli skon\u010dil \u0161estilet\u00fd mand\u00e1t. Proto m\u011bstsk\u00e1 \u010d\u00e1st vyhl\u00e1sila nov\u00e9 v\u00fdb\u011brov\u00e9 \u0159\u00edzen\u00ed. S vyhl\u00e1\u0161en\u00edm nov\u00e9ho v\u00fdb\u011brov\u00e9ho \u0159\u00edzen\u00ed nepo\u010d\u00edtali rodi\u010de ani samotn\u00fd \u0159editel Jaroslav Kul\u00edk. Kdy\u017e n\u011bco funguje, nen\u00ed d\u016fvod pro zm\u011bnu.<\/p>\n<p>Petice vznikla i z d\u016fvodu, \u017ee kv\u016fli t\u00e9to zm\u011bn\u011b bude ze \u0161koly odch\u00e1zet hodn\u011b \u017e\u00e1k\u016f, rodi\u010de \u0159e\u0161\u00ed, na jakou \u0161kolu sv\u00e9 d\u011bti p\u0159ihl\u00e1s\u00ed.<\/p>\n<p>Dle m\u011bstsk\u00e9 \u010d\u00e1sti byla v\u011bt\u0161ina podpis\u016f petice neplatn\u00e1, nebyly dodr\u017eeny n\u00e1le\u017eitosti pro pod\u00e1n\u00ed elektronick\u00e9 petice. Jak se situace na \u0161kole ust\u00e1l\u00ed se dozv\u00edme a\u017e p\u0159\u00ed\u0161t\u00ed \u0161koln\u00ed rok.<\/p>\n","protected":false},"excerpt":{"rendered":"<p>I p\u0159es velk\u00fd odpor rodi\u010d\u016f a sepsanou petici bude \u0159editel Z\u0160 Meteorologick\u00e1 odvol\u00e1n. Kon\u010d\u00ed mu mand\u00e1t, ale pokud je spokojenost na v\u0161ech stran\u00e1ch, pro\u010d hledat n\u011bkoho nov\u00e9ho.<\/p>\n","protected":false},"author":4,"featured_media":3041,"comment_status":"closed","ping_status":"closed","sticky":false,"template":"","format":"standard","meta":{"_acf_changed":false,"footnotes":""},"categories":[17,25,157],"tags":[],"porad":[],"region":[51,143],"class_list":["post-3039","post","type-post","status-publish","format-standard","has-post-thumbnail","hentry","category-domaci","category-vzdelavani","category-zpravy","region-praha","region-praha-4"],"acf":[],"meta_box":{"odeslat":["nasregion"]},"_links":{"self":[{"href":"https:\/\/tv.a11.cz\/api\/wp\/v2\/posts\/3039","targetHints":{"allow":["GET"]}}],"collection":[{"href":"https:\/\/tv.a11.cz\/api\/wp\/v2\/posts"}],"about":[{"href":"https:\/\/tv.a11.cz\/api\/wp\/v2\/types\/post"}],"author":[{"embeddable":true,"href":"https:\/\/tv.a11.cz\/api\/wp\/v2\/users\/4"}],"replies":[{"embeddable":true,"href":"https:\/\/tv.a11.cz\/api\/wp\/v2\/comments?post=3039"}],"version-history":[{"count":3,"href":"https:\/\/tv.a11.cz\/api\/wp\/v2\/posts\/3039\/revisions"}],"predecessor-version":[{"id":3684,"href":"https:\/\/tv.a11.cz\/api\/wp\/v2\/posts\/3039\/revisions\/3684"}],"wp:featuredmedia":[{"embeddable":true,"href":"https:\/\/tv.a11.cz\/api\/wp\/v2\/media\/3041"}],"wp:attachment":[{"href":"https:\/\/tv.a11.cz\/api\/wp\/v2\/media?parent=3039"}],"wp:term":[{"taxonomy":"category","embeddable":true,"href":"https:\/\/tv.a11.cz\/api\/wp\/v2\/categories?post=3039"},{"taxonomy":"post_tag","embeddable":true,"href":"https:\/\/tv.a11.cz\/api\/wp\/v2\/tags?post=3039"},{"taxonomy":"porad","embeddable":true,"href":"https:\/\/tv.a11.cz\/api\/wp\/v2\/porad?post=3039"},{"taxonomy":"region","embeddable":true,"href":"https:\/\/tv.a11.cz\/api\/wp\/v2\/region?post=3039"}],"curies":[{"name":"wp","href":"https:\/\/api.w.org\/{rel}","templated":true}]}}