{"id":2834,"date":"2023-05-12T13:15:34","date_gmt":"2023-05-12T11:15:34","guid":{"rendered":"https:\/\/tv.a11.cz\/?p=2834"},"modified":"2023-05-25T09:44:03","modified_gmt":"2023-05-25T07:44:03","slug":"rozhovor-tomas-magnusek","status":"publish","type":"post","link":"https:\/\/tv.a11.cz\/rozhovor-tomas-magnusek-2834\/","title":{"rendered":"Tom\u00e1\u0161 Magnusek &#8211; re\u017eis\u00e9r a producent"},"content":{"rendered":"<p>Hostem dne\u0161n\u00edho rozhovoru je zn\u00e1m\u00fd re\u017eis\u00e9r, sc\u00e9n\u00e1rista, herec, producent, ale i pedagog Tom\u00e1\u0161 Magnusek. M\u00e1lo kdo v\u00ed, \u017ee Tom\u00e1\u0161 p\u016fsob\u00ed i jako soci\u00e1ln\u00ed pracovn\u00edk v N\u00e1chod\u011b a \u00fa\u010dastn\u00ed se p\u0159\u00edm\u00e9 p\u00e9\u010de u u\u017eivatel\u016f doma. Podle n\u011bj m\u00e1 zrovna tato pr\u00e1ce smysl a jedn\u00e1 se o velmi pot\u0159ebn\u00fd obor. Proto p\u0159ed osmn\u00e1cti lety zalo\u017eil neziskovou organizaci se soci\u00e1ln\u00ed slu\u017ebou.<\/p>\n<p>Ve\u0159ejnost Tom\u00e1\u0161e Magnuska ov\u0161em vn\u00edm\u00e1 sp\u00ed\u0161e jako herce a re\u017eis\u00e9ra. Jak se dostat od oboru soci\u00e1ln\u00ed p\u00e9\u010de k oboru herectv\u00ed? Sta\u010d\u00ed si jen plnit sny. Stejn\u011b jako, kdy\u017e v jednu dobu zem\u0159eli dva velc\u00ed herci \u2013 Josef Vinkl\u00e1\u0159 a pan profesor Lukavsk\u00fd, vznikl v Tom\u00e1\u0161ov\u011b hlav\u011b n\u00e1pad, nato\u010dit film pln\u00fd velk\u00fdch jmen. Poslechn\u011bte si Tom\u00e1\u0161ovo vypr\u00e1v\u011bn\u00ed v na\u0161em videu. Dozv\u00edte se mimo jin\u00e9, jak vn\u00edm\u00e1 filmovou kritiku v \u010cesku a na \u010dem v\u0161em moment\u00e1ln\u011b pracuje. Nezapomn\u011bli jsme ani na pov\u00edd\u00e1n\u00ed o nov\u00e9 talk show na na\u0161em programu televize A11.<\/p>\n","protected":false},"excerpt":{"rendered":"<p>Pov\u00edd\u00e1n\u00ed se zn\u00e1m\u00fdm re\u017eis\u00e9rem a producentem Tom\u00e1\u0161em Magnuskem, kter\u00fd je tak\u00e9 pedagogem. V rozhovoru v\u00e1m odhal\u00ed detaily sv\u00e9ho nov\u00e9ho po\u0159adu na Tv A11.<\/p>\n","protected":false},"author":4,"featured_media":2832,"comment_status":"closed","ping_status":"closed","sticky":false,"template":"","format":"standard","meta":{"_acf_changed":false,"footnotes":""},"categories":[174,173],"tags":[],"porad":[220],"region":[],"class_list":["post-2834","post","type-post","status-publish","format-standard","has-post-thumbnail","hentry","category-rozhovory","category-ze-spolecnosti","porad-a11-rozhovory"],"acf":[],"meta_box":{"odeslat":["nasregion"]},"_links":{"self":[{"href":"https:\/\/tv.a11.cz\/api\/wp\/v2\/posts\/2834","targetHints":{"allow":["GET"]}}],"collection":[{"href":"https:\/\/tv.a11.cz\/api\/wp\/v2\/posts"}],"about":[{"href":"https:\/\/tv.a11.cz\/api\/wp\/v2\/types\/post"}],"author":[{"embeddable":true,"href":"https:\/\/tv.a11.cz\/api\/wp\/v2\/users\/4"}],"replies":[{"embeddable":true,"href":"https:\/\/tv.a11.cz\/api\/wp\/v2\/comments?post=2834"}],"version-history":[{"count":3,"href":"https:\/\/tv.a11.cz\/api\/wp\/v2\/posts\/2834\/revisions"}],"predecessor-version":[{"id":2837,"href":"https:\/\/tv.a11.cz\/api\/wp\/v2\/posts\/2834\/revisions\/2837"}],"wp:featuredmedia":[{"embeddable":true,"href":"https:\/\/tv.a11.cz\/api\/wp\/v2\/media\/2832"}],"wp:attachment":[{"href":"https:\/\/tv.a11.cz\/api\/wp\/v2\/media?parent=2834"}],"wp:term":[{"taxonomy":"category","embeddable":true,"href":"https:\/\/tv.a11.cz\/api\/wp\/v2\/categories?post=2834"},{"taxonomy":"post_tag","embeddable":true,"href":"https:\/\/tv.a11.cz\/api\/wp\/v2\/tags?post=2834"},{"taxonomy":"porad","embeddable":true,"href":"https:\/\/tv.a11.cz\/api\/wp\/v2\/porad?post=2834"},{"taxonomy":"region","embeddable":true,"href":"https:\/\/tv.a11.cz\/api\/wp\/v2\/region?post=2834"}],"curies":[{"name":"wp","href":"https:\/\/api.w.org\/{rel}","templated":true}]}}