{"id":2792,"date":"2023-05-10T09:51:33","date_gmt":"2023-05-10T07:51:33","guid":{"rendered":"https:\/\/tv.a11.cz\/?p=2792"},"modified":"2023-05-11T09:55:47","modified_gmt":"2023-05-11T07:55:47","slug":"soutez-best-in-design-ovladla-zuzanna-wojcik-s-dilem-touch-the-textile","status":"publish","type":"post","link":"https:\/\/tv.a11.cz\/soutez-best-in-design-ovladla-zuzanna-wojcik-s-dilem-touch-the-textile-2792\/","title":{"rendered":"Sout\u011b\u017e Best in Design ovl\u00e1dla Zuzanna W\u00f3jcik"},"content":{"rendered":"<p>Letos se sout\u011b\u017eilo ve \u010dty\u0159ech kategori\u00edch a do poroty usedl nap\u0159\u00edklad Branko Popovi\u010d, kter\u00fd je jedn\u00edm ze zakladatel\u016f nizozemsk\u00e9 m\u00f3dn\u00ed platformy Fashion Clash. Moder\u00e1torkou akce byla here\u010dka Ester Geislerov\u00e1, kter\u00e1 ve\u010der pojala v hodn\u011b uvoln\u011bn\u00e9m stylu.<\/p>\n<p>V kategorii Comunication design vyhr\u00e1l Adrian Gubrica s projektem Mariupol Digital Memorial. Projekt si klade za c\u00edl vyhled\u00e1vat a uchov\u00e1vat individu\u00e1ln\u00ed bolestiv\u00e9 p\u0159\u00edb\u011bhy o ni\u010div\u00e9m dopadu v\u00e1lky na Ukrajin\u011b na oby\u010dejn\u00e9 lidi.<\/p>\n<p>Porota se na absolutn\u00edm v\u00edt\u011bzi shodla jednohlasn\u011b a titul si odnesla ze slavnostn\u00edho p\u0159ed\u00e1v\u00e1n\u00ed Zuzana W\u00f3jcik s d\u00edlem Touch Detex Style. Pod\u00edvejte se na cel\u00e9 video.<\/p>\n","protected":false},"excerpt":{"rendered":"<p>Prob\u011bhlo vyhl\u00e1\u0161en\u00ed v\u00fdsledk\u016f mezin\u00e1rodn\u00ed sout\u011b\u017ee Best in design 2023, kter\u00e9 bylo sou\u010d\u00e1st\u00ed festivalu Zl\u00edn design week. Do sout\u011b\u017ee se p\u0159ihl\u00e1silo 367 talentovan\u00fdch design\u00e9r\u016f.<\/p>\n","protected":false},"author":4,"featured_media":2793,"comment_status":"closed","ping_status":"closed","sticky":false,"template":"","format":"standard","meta":{"_acf_changed":false,"footnotes":""},"categories":[17,21,157],"tags":[],"porad":[],"region":[85,64],"class_list":["post-2792","post","type-post","status-publish","format-standard","has-post-thumbnail","hentry","category-domaci","category-kultura","category-zpravy","region-zlinsko","region-zlinsky-kraj"],"acf":[],"meta_box":{"odeslat":[]},"_links":{"self":[{"href":"https:\/\/tv.a11.cz\/api\/wp\/v2\/posts\/2792","targetHints":{"allow":["GET"]}}],"collection":[{"href":"https:\/\/tv.a11.cz\/api\/wp\/v2\/posts"}],"about":[{"href":"https:\/\/tv.a11.cz\/api\/wp\/v2\/types\/post"}],"author":[{"embeddable":true,"href":"https:\/\/tv.a11.cz\/api\/wp\/v2\/users\/4"}],"replies":[{"embeddable":true,"href":"https:\/\/tv.a11.cz\/api\/wp\/v2\/comments?post=2792"}],"version-history":[{"count":2,"href":"https:\/\/tv.a11.cz\/api\/wp\/v2\/posts\/2792\/revisions"}],"predecessor-version":[{"id":2795,"href":"https:\/\/tv.a11.cz\/api\/wp\/v2\/posts\/2792\/revisions\/2795"}],"wp:featuredmedia":[{"embeddable":true,"href":"https:\/\/tv.a11.cz\/api\/wp\/v2\/media\/2793"}],"wp:attachment":[{"href":"https:\/\/tv.a11.cz\/api\/wp\/v2\/media?parent=2792"}],"wp:term":[{"taxonomy":"category","embeddable":true,"href":"https:\/\/tv.a11.cz\/api\/wp\/v2\/categories?post=2792"},{"taxonomy":"post_tag","embeddable":true,"href":"https:\/\/tv.a11.cz\/api\/wp\/v2\/tags?post=2792"},{"taxonomy":"porad","embeddable":true,"href":"https:\/\/tv.a11.cz\/api\/wp\/v2\/porad?post=2792"},{"taxonomy":"region","embeddable":true,"href":"https:\/\/tv.a11.cz\/api\/wp\/v2\/region?post=2792"}],"curies":[{"name":"wp","href":"https:\/\/api.w.org\/{rel}","templated":true}]}}