{"id":267,"date":"2022-08-07T20:55:04","date_gmt":"2022-08-07T18:55:04","guid":{"rendered":"https:\/\/tv.a11.cz\/?p=267"},"modified":"2023-03-15T18:34:22","modified_gmt":"2023-03-15T17:34:22","slug":"o-letadlech-a-letani-praskarsky-pilot-ze-stankova-ma-za-svuj-zivot-pres-117-tis-leteckych-startu","status":"publish","type":"post","link":"https:\/\/tv.a11.cz\/o-letadlech-a-letani-praskarsky-pilot-ze-stankova-ma-za-svuj-zivot-pres-117-tis-leteckych-startu-267\/","title":{"rendered":"Pilot ze Sta\u0148kova m\u00e1 za sv\u016fj \u017eivot p\u0159es 117 tis. leteck\u00fdch start\u016f"},"content":{"rendered":"<p>Kdy\u017e bylo panu Zde\u0148kovi 15 let za\u010dal poprv\u00e9 l\u00e9tat na kluz\u00e1c\u00edch pr\u00e1v\u011b ve Sta\u0148kov\u011b.<br \/>\nPo zru\u0161en\u00ed Sta\u0148skovsk\u00e9ho leti\u0161t\u011b byl p\u0159elo\u017een do Plzn\u011b na Bory, kde se prov\u00e1d\u011bl v\u00fdcvik na motorov\u00e9 l\u00e9t\u00e1n\u00ed. Jeliko\u017e byl, ale Zden\u011bk p\u0159ed vojnou, byl vysl\u00e1n do \u00dastavu leteck\u00e9ho zdravotnictv\u00ed a nastoupil do p\u016fvodn\u00ed \u0161koly d\u016fstojn\u00edk\u016f v z\u00e1loze v Ko\u0161ic\u00edch.<\/p>\n<p>Po celou dobu vojny se pohyboval kolem letadel a dokonce m\u011bl na rozd\u00edl od jin\u00fdch povoleno l\u00e9t\u00e1n\u00ed i jako voj\u00e1k. Po n\u00e1vratu z\u00a0vojny pokra\u010doval Zden\u011bk v\u00a0Plzni na Borech.<\/p>\n<p>Zden\u011bk Dufek je vlastn\u011b pr\u00e1\u0161kovac\u00ed pilot. Jak se dostal a\u017e ke slavn\u00fdm \u010dmel\u00e1k\u016fm a jak\u00e9 byly jeho za\u010d\u00e1tky? Zaj\u00edm\u00e1 v\u00e1s jak se s\u00a0takov\u00fdm pr\u00e1\u0161kovac\u00edm letadlem l\u00e9t\u00e1? M\u011bl n\u011bkdy Zden\u011bk n\u011bjakou nehodu?<\/p>\n<p>Kolik tedy start\u016f se \u010cmel\u00e1kem pilot Zden\u011bk m\u00e1 a t\u00fdk\u00e1 se jeho rekord jen pr\u00e1\u0161kov\u00e1n\u00ed? Jak a kdy se zapsal do \u010cesk\u00e9 Guinnesovy knihy rekord\u016f?<\/p>\n<p>Zden\u011bk m\u011bl jednu velkou v\u00fdhodu. Svou pr\u00e1ci m\u011bl od srdce r\u00e1d a bavilo ho l\u00e9t\u00e1n\u00ed i mimo pr\u00e1ci.<\/p>\n<p>L\u00edt\u00e1 tento nad\u0161en\u00fd pilot i dnes? Po\u0159\u00e1d ho l\u00e9t\u00e1n\u00ed bav\u00ed a napl\u0148uje? A co ho vlastn\u011b do vzduchu t\u00e1hne?<\/p>\n<p>Tak\u00e9 si poslechnete jak to vlastn\u011b bylo s l\u00e9t\u00e1n\u00edm na jeho vojn\u011b, kde v\u0161ude l\u00e9tal, jak\u00e1 leti\u0161t\u011b poznal, kter\u00e1 letadla pilotoval a na kter\u00e9 letadlo nejrad\u011bji vzpom\u00edn\u00e1.<\/p>\n<p>Nenechte si uj\u00edt dal\u0161\u00ed zaj\u00edmav\u00fd rozhovor pln\u00fd letadel, l\u00e9t\u00e1n\u00ed a leteck\u00e9ho nad\u0161en\u00ed, kter\u00e9 se stalo celo\u017eivotn\u00ed l\u00e1skou. Poznejte jak se l\u00e9talo d\u0159\u00edve, jak se l\u00e9t\u00e1 na \u010cmel\u00e1c\u00edch i dal\u0161\u00edch \u010ceskoslovensk\u00fdch letadlech.<\/p>\n<p>&nbsp;<\/p>\n<p>&nbsp;<\/p>\n","protected":false},"excerpt":{"rendered":"<p>Na leti\u0161ti Sta\u0148kov poznal n\u00e1\u0161 \u0161t\u00e1b Zde\u0148ka Dufka. Pilota, kter\u00fd dlouhodob\u011b dr\u017eel rekord v po\u010dtu start\u016f v letadle. Poj\u010fte si poslechnout jak se vlastn\u011b k l\u00e9t\u00e1n\u00ed dostal.<\/p>\n","protected":false},"author":4,"featured_media":214,"comment_status":"closed","ping_status":"closed","sticky":false,"template":"","format":"standard","meta":{"_acf_changed":false,"footnotes":""},"categories":[174],"tags":[],"porad":[18],"region":[96,61],"class_list":["post-267","post","type-post","status-publish","format-standard","has-post-thumbnail","hentry","category-rozhovory","porad-o-letadlech-a-letani","region-domazlicko","region-plzensky-kraj"],"acf":[],"meta_box":{"odeslat":[]},"_links":{"self":[{"href":"https:\/\/tv.a11.cz\/api\/wp\/v2\/posts\/267","targetHints":{"allow":["GET"]}}],"collection":[{"href":"https:\/\/tv.a11.cz\/api\/wp\/v2\/posts"}],"about":[{"href":"https:\/\/tv.a11.cz\/api\/wp\/v2\/types\/post"}],"author":[{"embeddable":true,"href":"https:\/\/tv.a11.cz\/api\/wp\/v2\/users\/4"}],"replies":[{"embeddable":true,"href":"https:\/\/tv.a11.cz\/api\/wp\/v2\/comments?post=267"}],"version-history":[{"count":3,"href":"https:\/\/tv.a11.cz\/api\/wp\/v2\/posts\/267\/revisions"}],"predecessor-version":[{"id":980,"href":"https:\/\/tv.a11.cz\/api\/wp\/v2\/posts\/267\/revisions\/980"}],"wp:featuredmedia":[{"embeddable":true,"href":"https:\/\/tv.a11.cz\/api\/wp\/v2\/media\/214"}],"wp:attachment":[{"href":"https:\/\/tv.a11.cz\/api\/wp\/v2\/media?parent=267"}],"wp:term":[{"taxonomy":"category","embeddable":true,"href":"https:\/\/tv.a11.cz\/api\/wp\/v2\/categories?post=267"},{"taxonomy":"post_tag","embeddable":true,"href":"https:\/\/tv.a11.cz\/api\/wp\/v2\/tags?post=267"},{"taxonomy":"porad","embeddable":true,"href":"https:\/\/tv.a11.cz\/api\/wp\/v2\/porad?post=267"},{"taxonomy":"region","embeddable":true,"href":"https:\/\/tv.a11.cz\/api\/wp\/v2\/region?post=267"}],"curies":[{"name":"wp","href":"https:\/\/api.w.org\/{rel}","templated":true}]}}