{"id":2616,"date":"2023-05-09T14:06:07","date_gmt":"2023-05-09T12:06:07","guid":{"rendered":"https:\/\/tv.a11.cz\/?p=2616"},"modified":"2023-05-09T14:06:07","modified_gmt":"2023-05-09T12:06:07","slug":"soucasne-trendy-v-lecbe-poranenych-velkych-kloubu","status":"publish","type":"post","link":"https:\/\/tv.a11.cz\/soucasne-trendy-v-lecbe-poranenych-velkych-kloubu-2616\/","title":{"rendered":"Sou\u010dasn\u00e9 trendy v l\u00e9\u010db\u011b poran\u011bn\u00fdch velk\u00fdch kloub\u016f"},"content":{"rendered":"<p>Prezidentem sedm\u00e9ho artroskopick\u00e9ho odborn\u00e9ho sympozia v Plzni byl Petr Zeman, \u0161pi\u010dkov\u00fd ortoped plze\u0148sk\u00e9 Fakultn\u00ed nemocnice, kter\u00fd byl ned\u00e1vno jmenov\u00e1n prof. Karlovy univerzity.<\/p>\n<p>Hlavn\u00edm t\u00e9matem dne\u0161n\u00edho sympozia byla problematika \u00faraz\u016f kolene u sportovc\u016f, hlavn\u011b operace zk\u0159\u00ed\u017een\u00fdch vaz\u016f menisku. Takov\u00fdch pacient\u016f v posledn\u00edch letech velmi p\u0159ib\u00fdv\u00e1, a to i mladistv\u00fdch a d\u011btsk\u00fdch pacient\u016f. Kongres byl propojen take s fyzioterapeuty, kte\u0159\u00ed jsou sou\u010d\u00e1st\u00ed l\u00e9ka\u0159sk\u00fdch t\u00fdm\u016f.<\/p>\n<p>Petr Zeman pat\u0159\u00ed ke \u0161pi\u010dkov\u00fdm \u010desk\u00fdm ortoped\u016fm, kte\u0159\u00ed se specializuj\u00ed na artroskopick\u00e9 operace, je \u0161\u00e9fl\u00e9ka\u0159em prvoligov\u00e9 Viktorky Plze\u0148 a \u010dlen l\u00e9ka\u0159sk\u00e9ho t\u00fdmu fotbalov\u00e9 reprezentace. P\u0159es sv\u00e9 zna\u010dn\u00e9 pracovn\u00ed vyt\u00ed\u017een\u00ed si ale jako strakonick\u00fd rod\u00e1k dovede ud\u011blat \u010das i na strakonick\u00e9 sportovce.<\/p>\n<p>Plze\u0148sk\u00e1 sympozia se konaj\u00ed jednou za necel\u00e9 dva roky. T\u00e9ma toho p\u0159\u00ed\u0161t\u00edho je\u0161t\u011b nen\u00ed definitivn\u011b ur\u010deno, ale podle Petra Zemana se s velkou pravd\u011bpodobnost\u00ed bude t\u00fdkat probl\u00e9m\u016f ramena.<\/p>\n","protected":false},"excerpt":{"rendered":"<p>Hlavn\u00edm t\u00e9matem sympozia byla problematika \u00faraz\u016f kolene u sportovc\u016f.<\/p>\n","protected":false},"author":4,"featured_media":2617,"comment_status":"closed","ping_status":"closed","sticky":false,"template":"","format":"standard","meta":{"_acf_changed":false,"footnotes":""},"categories":[17,154,157],"tags":[],"porad":[],"region":[98,61],"class_list":["post-2616","post","type-post","status-publish","format-standard","has-post-thumbnail","hentry","category-domaci","category-zdravotnictvi","category-zpravy","region-plzensko","region-plzensky-kraj"],"acf":[],"meta_box":{"odeslat":[]},"_links":{"self":[{"href":"https:\/\/tv.a11.cz\/api\/wp\/v2\/posts\/2616","targetHints":{"allow":["GET"]}}],"collection":[{"href":"https:\/\/tv.a11.cz\/api\/wp\/v2\/posts"}],"about":[{"href":"https:\/\/tv.a11.cz\/api\/wp\/v2\/types\/post"}],"author":[{"embeddable":true,"href":"https:\/\/tv.a11.cz\/api\/wp\/v2\/users\/4"}],"replies":[{"embeddable":true,"href":"https:\/\/tv.a11.cz\/api\/wp\/v2\/comments?post=2616"}],"version-history":[{"count":1,"href":"https:\/\/tv.a11.cz\/api\/wp\/v2\/posts\/2616\/revisions"}],"predecessor-version":[{"id":2618,"href":"https:\/\/tv.a11.cz\/api\/wp\/v2\/posts\/2616\/revisions\/2618"}],"wp:featuredmedia":[{"embeddable":true,"href":"https:\/\/tv.a11.cz\/api\/wp\/v2\/media\/2617"}],"wp:attachment":[{"href":"https:\/\/tv.a11.cz\/api\/wp\/v2\/media?parent=2616"}],"wp:term":[{"taxonomy":"category","embeddable":true,"href":"https:\/\/tv.a11.cz\/api\/wp\/v2\/categories?post=2616"},{"taxonomy":"post_tag","embeddable":true,"href":"https:\/\/tv.a11.cz\/api\/wp\/v2\/tags?post=2616"},{"taxonomy":"porad","embeddable":true,"href":"https:\/\/tv.a11.cz\/api\/wp\/v2\/porad?post=2616"},{"taxonomy":"region","embeddable":true,"href":"https:\/\/tv.a11.cz\/api\/wp\/v2\/region?post=2616"}],"curies":[{"name":"wp","href":"https:\/\/api.w.org\/{rel}","templated":true}]}}