{"id":2602,"date":"2023-05-08T13:12:24","date_gmt":"2023-05-08T11:12:24","guid":{"rendered":"https:\/\/tv.a11.cz\/?p=2602"},"modified":"2023-05-09T13:12:35","modified_gmt":"2023-05-09T11:12:35","slug":"studentky-up-pomahaly-propagovat-kraj-v-americke-tv","status":"publish","type":"post","link":"https:\/\/tv.a11.cz\/studentky-up-pomahaly-propagovat-kraj-v-americke-tv-2602\/","title":{"rendered":"Studentky pom\u00e1haly propagovat kraj v americk\u00e9 TV"},"content":{"rendered":"<p>A\u017e z Floridy p\u0159ilet\u011bl studentk\u00e1m z oboru medi\u00e1ln\u00ed komunikace z teologick\u00e9 fakulty Univerzity Palack\u00e9ho pod\u011bkovat majitel televizn\u00ed spole\u010dnosti John Honner. Pod\u00edlely se na vys\u00edl\u00e1n\u00ed \u010cesko-americk\u00e9 televize o Olomouck\u00e9m kraji. Praxi studentek si velmi chv\u00e1l\u00ed. P\u0159edev\u0161\u00edm jejich snahu o propagaci tak kr\u00e1sn\u00e9 zem\u011b jako je \u010cesko.<\/p>\n<p>V\u0161echny t\u0159i dostanou doporu\u010den\u00ed do zam\u011bstn\u00e1n\u00ed v angli\u010dtin\u011b a v \u010de\u0161tin\u011b.<\/p>\n<p>Nekomer\u010dn\u00ed Czech American TV USA dlouh\u00e1 l\u00e9ta propaguje \u010cesk\u00e9 regiony a kulturn\u00ed d\u011bdictv\u00ed. V zahrani\u010d\u00ed v \u010dele unik\u00e1tn\u00edho programu v angli\u010dtin\u011b stoj\u00ed pr\u00e1v\u011b rod\u00e1k z ji\u017en\u00ed Moravy, producent John Honner. Sna\u017e\u00ed se oslovit nejen krajany po cel\u00e9m sv\u011bt\u011b, ale i div\u00e1ky, kte\u0159\u00ed toho o \u010cesk\u00e9 republice mnoho nev\u011bd\u00ed.<\/p>\n","protected":false},"excerpt":{"rendered":"<p>Pod\u00edvejte se na vys\u00edl\u00e1n\u00ed \u010cesko-americk\u00e9 kabelov\u00e9 televize o Olomouck\u00e9m kraji. Pod\u00edlely se na n\u011bm i dobrovolnice z regionu.<\/p>\n","protected":false},"author":4,"featured_media":2603,"comment_status":"closed","ping_status":"closed","sticky":false,"template":"","format":"standard","meta":{"_acf_changed":false,"footnotes":""},"categories":[17,157],"tags":[],"porad":[],"region":[106,59],"class_list":["post-2602","post","type-post","status-publish","format-standard","has-post-thumbnail","hentry","category-domaci","category-zpravy","region-olomoucko","region-olomoucky-kraj"],"acf":[],"meta_box":{"odeslat":[]},"_links":{"self":[{"href":"https:\/\/tv.a11.cz\/api\/wp\/v2\/posts\/2602","targetHints":{"allow":["GET"]}}],"collection":[{"href":"https:\/\/tv.a11.cz\/api\/wp\/v2\/posts"}],"about":[{"href":"https:\/\/tv.a11.cz\/api\/wp\/v2\/types\/post"}],"author":[{"embeddable":true,"href":"https:\/\/tv.a11.cz\/api\/wp\/v2\/users\/4"}],"replies":[{"embeddable":true,"href":"https:\/\/tv.a11.cz\/api\/wp\/v2\/comments?post=2602"}],"version-history":[{"count":1,"href":"https:\/\/tv.a11.cz\/api\/wp\/v2\/posts\/2602\/revisions"}],"predecessor-version":[{"id":2605,"href":"https:\/\/tv.a11.cz\/api\/wp\/v2\/posts\/2602\/revisions\/2605"}],"wp:featuredmedia":[{"embeddable":true,"href":"https:\/\/tv.a11.cz\/api\/wp\/v2\/media\/2603"}],"wp:attachment":[{"href":"https:\/\/tv.a11.cz\/api\/wp\/v2\/media?parent=2602"}],"wp:term":[{"taxonomy":"category","embeddable":true,"href":"https:\/\/tv.a11.cz\/api\/wp\/v2\/categories?post=2602"},{"taxonomy":"post_tag","embeddable":true,"href":"https:\/\/tv.a11.cz\/api\/wp\/v2\/tags?post=2602"},{"taxonomy":"porad","embeddable":true,"href":"https:\/\/tv.a11.cz\/api\/wp\/v2\/porad?post=2602"},{"taxonomy":"region","embeddable":true,"href":"https:\/\/tv.a11.cz\/api\/wp\/v2\/region?post=2602"}],"curies":[{"name":"wp","href":"https:\/\/api.w.org\/{rel}","templated":true}]}}