{"id":2444,"date":"2023-05-04T15:50:08","date_gmt":"2023-05-04T13:50:08","guid":{"rendered":"https:\/\/tv.a11.cz\/?p=2444"},"modified":"2023-05-05T15:53:53","modified_gmt":"2023-05-05T13:53:53","slug":"konference-o-kyberbezpecnosti-deti-travi-v-on-line-svete-stale-vice-casu","status":"publish","type":"post","link":"https:\/\/tv.a11.cz\/konference-o-kyberbezpecnosti-deti-travi-v-on-line-svete-stale-vice-casu-2444\/","title":{"rendered":"Konference o kyberbezpe\u010dnosti"},"content":{"rendered":"<p>Kyberbezpe\u010dnost je v dne\u0161n\u00ed dob\u011b jedn\u00edm z nejd\u016fle\u017eit\u011bj\u0161\u00edch t\u00e9mat, zvl\u00e1\u0161t\u011b u mlad\u0161\u00edch generac\u00ed. M\u011bli by si toti\u017e uv\u011bdomit rizika, kter\u00e1 s sebou online sv\u011bt nese, a dok\u00e1zat se p\u0159ed potencion\u00e1ln\u00edmi hrozbami chr\u00e1nit.<\/p>\n<p>Proto se nejen mezi d\u011btmi, ale tak\u00e9 pedagogy, konaj\u00ed nejr\u016fzn\u011bj\u0161\u00ed p\u0159edn\u00e1\u0161ky a workshopy. Jeden zav\u00edtal tak\u00e9 do Zl\u00edna.<br \/>\nC\u00edlem p\u0159edn\u00e1\u0161ek a setk\u00e1n\u00ed je, aby \u0161koly poskytovaly d\u011btem bezpe\u010dn\u00e9 prost\u0159ed\u00ed p\u0159i pou\u017e\u00edv\u00e1n\u00ed digit\u00e1ln\u00edch technologi\u00ed. Pokud n\u011bjak\u00fd probl\u00e9m nastane, mus\u00ed d\u011bti v\u011bd\u011bt kam a na koho se mohou obr\u00e1tit.<\/p>\n","protected":false},"excerpt":{"rendered":"<p>D\u011bti tr\u00e1v\u00ed v on-line sv\u011bt\u011b st\u00e1le v\u00edce \u010dasu. Neuv\u011bdomuj\u00ed si rizika, kter\u00e1 s sebou online sv\u011bt nese. Proto se konala ve Zl\u00edn\u011b konference.<\/p>\n","protected":false},"author":4,"featured_media":2446,"comment_status":"closed","ping_status":"closed","sticky":false,"template":"","format":"standard","meta":{"_acf_changed":false,"footnotes":""},"categories":[17,157],"tags":[],"porad":[],"region":[85,64],"class_list":["post-2444","post","type-post","status-publish","format-standard","has-post-thumbnail","hentry","category-domaci","category-zpravy","region-zlinsko","region-zlinsky-kraj"],"acf":[],"meta_box":{"odeslat":[]},"_links":{"self":[{"href":"https:\/\/tv.a11.cz\/api\/wp\/v2\/posts\/2444","targetHints":{"allow":["GET"]}}],"collection":[{"href":"https:\/\/tv.a11.cz\/api\/wp\/v2\/posts"}],"about":[{"href":"https:\/\/tv.a11.cz\/api\/wp\/v2\/types\/post"}],"author":[{"embeddable":true,"href":"https:\/\/tv.a11.cz\/api\/wp\/v2\/users\/4"}],"replies":[{"embeddable":true,"href":"https:\/\/tv.a11.cz\/api\/wp\/v2\/comments?post=2444"}],"version-history":[{"count":1,"href":"https:\/\/tv.a11.cz\/api\/wp\/v2\/posts\/2444\/revisions"}],"predecessor-version":[{"id":2445,"href":"https:\/\/tv.a11.cz\/api\/wp\/v2\/posts\/2444\/revisions\/2445"}],"wp:featuredmedia":[{"embeddable":true,"href":"https:\/\/tv.a11.cz\/api\/wp\/v2\/media\/2446"}],"wp:attachment":[{"href":"https:\/\/tv.a11.cz\/api\/wp\/v2\/media?parent=2444"}],"wp:term":[{"taxonomy":"category","embeddable":true,"href":"https:\/\/tv.a11.cz\/api\/wp\/v2\/categories?post=2444"},{"taxonomy":"post_tag","embeddable":true,"href":"https:\/\/tv.a11.cz\/api\/wp\/v2\/tags?post=2444"},{"taxonomy":"porad","embeddable":true,"href":"https:\/\/tv.a11.cz\/api\/wp\/v2\/porad?post=2444"},{"taxonomy":"region","embeddable":true,"href":"https:\/\/tv.a11.cz\/api\/wp\/v2\/region?post=2444"}],"curies":[{"name":"wp","href":"https:\/\/api.w.org\/{rel}","templated":true}]}}