{"id":2262,"date":"2023-05-02T12:40:28","date_gmt":"2023-05-02T10:40:28","guid":{"rendered":"https:\/\/tv.a11.cz\/?p=2262"},"modified":"2023-05-04T13:02:33","modified_gmt":"2023-05-04T11:02:33","slug":"lanskroun-ocenoval-mladez","status":"publish","type":"post","link":"https:\/\/tv.a11.cz\/lanskroun-ocenoval-mladez-2262\/","title":{"rendered":"Lan\u0161kroun oce\u0148oval ml\u00e1de\u017e"},"content":{"rendered":"<p>Ml\u00e1de\u017e jak do 15 let, tak i ty star\u0161\u00ed do 19 let, mohli nominovat jak tren\u00e9\u0159i, rodi\u010de, z\u00e1stupci \u0161kol, \u0161kolsk\u00fdch organizac\u00ed, krou\u017ek\u016f, prost\u011b v\u0161ichni ti, kte\u0159\u00ed s ml\u00e1de\u017e\u00ed pracuj\u00ed. Letos se\u0161lo nominac\u00ed celkem 100.<\/p>\n<p>Cenu v oblasti kultury si p\u0159evzala \u010dtrn\u00e1ctilet\u00e1 Kate\u0159ina Toncrov\u00e1 z m\u00edstn\u00edho gymn\u00e1zia. Z\u00edskala ji za roli Emmy na lo\u0148sk\u00e9 krajsk\u00e9 p\u0159ehl\u00eddce Orlick\u00e1 maska a celost\u00e1tn\u00ed p\u0159ehl\u00eddce Popelka, Rakovn\u00edk 2022.<\/p>\n<p>Sportovn\u00ed \u00fasp\u011bchy v oblasti autokrosu m\u00e1 za sebou dal\u0161\u00ed ocen\u011bn\u00fd \u017e\u00e1k z\u00e1kladn\u00ed \u0161koly Dobrovsk\u00e9ho Michael Kunert.<\/p>\n<p>Tento jeden\u00e1ctilet\u00fd klu\u010dina loni zv\u00edt\u011bzil na Velk\u00e9 cen\u011b P\u0159erova a celkov\u011b mu pat\u0159\u00ed druh\u00e9 m\u00edsto v celorepublikov\u00e9m seri\u00e1lu jezdectv\u00ed. Zaj\u00edm\u00e1 v\u00e1s kdo dal\u0161\u00ed pat\u0159il mezi ocen\u011bn\u00e9? Pod\u00edvejte se na na\u0161e video.<\/p>\n","protected":false},"excerpt":{"rendered":"<p>V Lan\u0161krounsk\u00e9m multifunk\u010dn\u00edm centru se se\u0161la stovka nominovan\u00fdch d\u011bt\u00ed a jejich rodinn\u00fdch p\u0159\u00edslu\u0161n\u00edk\u016f. Odm\u011b\u0148ovalo se v oblastech kultury i sportu.<\/p>\n","protected":false},"author":4,"featured_media":2263,"comment_status":"closed","ping_status":"closed","sticky":false,"template":"","format":"standard","meta":{"_acf_changed":false,"footnotes":""},"categories":[17,157],"tags":[],"porad":[],"region":[104,60],"class_list":["post-2262","post","type-post","status-publish","format-standard","has-post-thumbnail","hentry","category-domaci","category-zpravy","region-orlicko","region-pardubicky-kraj"],"acf":[],"meta_box":{"odeslat":[]},"_links":{"self":[{"href":"https:\/\/tv.a11.cz\/api\/wp\/v2\/posts\/2262","targetHints":{"allow":["GET"]}}],"collection":[{"href":"https:\/\/tv.a11.cz\/api\/wp\/v2\/posts"}],"about":[{"href":"https:\/\/tv.a11.cz\/api\/wp\/v2\/types\/post"}],"author":[{"embeddable":true,"href":"https:\/\/tv.a11.cz\/api\/wp\/v2\/users\/4"}],"replies":[{"embeddable":true,"href":"https:\/\/tv.a11.cz\/api\/wp\/v2\/comments?post=2262"}],"version-history":[{"count":2,"href":"https:\/\/tv.a11.cz\/api\/wp\/v2\/posts\/2262\/revisions"}],"predecessor-version":[{"id":2268,"href":"https:\/\/tv.a11.cz\/api\/wp\/v2\/posts\/2262\/revisions\/2268"}],"wp:featuredmedia":[{"embeddable":true,"href":"https:\/\/tv.a11.cz\/api\/wp\/v2\/media\/2263"}],"wp:attachment":[{"href":"https:\/\/tv.a11.cz\/api\/wp\/v2\/media?parent=2262"}],"wp:term":[{"taxonomy":"category","embeddable":true,"href":"https:\/\/tv.a11.cz\/api\/wp\/v2\/categories?post=2262"},{"taxonomy":"post_tag","embeddable":true,"href":"https:\/\/tv.a11.cz\/api\/wp\/v2\/tags?post=2262"},{"taxonomy":"porad","embeddable":true,"href":"https:\/\/tv.a11.cz\/api\/wp\/v2\/porad?post=2262"},{"taxonomy":"region","embeddable":true,"href":"https:\/\/tv.a11.cz\/api\/wp\/v2\/region?post=2262"}],"curies":[{"name":"wp","href":"https:\/\/api.w.org\/{rel}","templated":true}]}}