{"id":2253,"date":"2023-05-02T12:23:23","date_gmt":"2023-05-02T10:23:23","guid":{"rendered":"https:\/\/tv.a11.cz\/?p=2253"},"modified":"2023-05-04T12:24:31","modified_gmt":"2023-05-04T10:24:31","slug":"chcete-se-potkat-s-celebritou","status":"publish","type":"post","link":"https:\/\/tv.a11.cz\/chcete-se-potkat-s-celebritou-2253\/","title":{"rendered":"Chcete se potkat s celebritou?"},"content":{"rendered":"<p>Nejv\u011bt\u0161\u00ed a nejv\u00fdznamn\u011bj\u0161\u00ed akce v regionu se pomalu bl\u00ed\u017e\u00ed. Jde o Zl\u00edn film Fest, kter\u00fd odstartuje na den d\u011bt\u00ed 1.\u00a0\u010dervna. Bez zapojen\u00ed dobrovoln\u00edk\u016f by v\u0161ak nebylo mo\u017en\u00e9 ud\u00e1lost tak velk\u00e9ho rozsahu zrealizovat. Proto i letos m\u00e1te mo\u017enost zapojit se tak\u00e9.<\/p>\n<p>M\u016f\u017eete nahl\u00e9dnout do festivalov\u00e9ho z\u00e1kulis\u00ed, potk\u00e1te slavn\u00e9 osobnosti a uvid\u00edte jak prob\u00edhaj\u00ed v\u0161echny p\u0159\u00edpravy slavn\u00e9ho festivalu. Za odm\u011bnu z\u00edsk\u00e1 ka\u017ed\u00fd dobrovoln\u00edk nap\u0159\u00edklad vstupenky do kina nebo letn\u00edho kina.<\/p>\n<p>Pokud je v\u00e1m tedy v\u00edce jak 15 let, nev\u00e1hejte se zapojit. Po\u0159adatel\u00e9 uv\u00edtaj\u00ed v\u0161echny, kte\u0159\u00ed si cht\u011bji u\u017e\u00edt festival i z jin\u00e9 strany. Pot\u0159ebn\u00e9 informace o festivalu i dobrovolnictv\u00ed najdete na str\u00e1nk\u00e1ch www.zlinfest.cz.<\/p>\n","protected":false},"excerpt":{"rendered":"<p>Bl\u00ed\u017e\u00ed se zah\u00e1jen\u00ed Zl\u00edn film Festu a po\u0159adatel v\u00edt\u00e1 ka\u017ed\u00e9ho dobrovoln\u00edka.<\/p>\n","protected":false},"author":4,"featured_media":2254,"comment_status":"closed","ping_status":"closed","sticky":false,"template":"","format":"standard","meta":{"_acf_changed":false,"footnotes":""},"categories":[17,157],"tags":[],"porad":[],"region":[85,64],"class_list":["post-2253","post","type-post","status-publish","format-standard","has-post-thumbnail","hentry","category-domaci","category-zpravy","region-zlinsko","region-zlinsky-kraj"],"acf":[],"meta_box":{"odeslat":[]},"_links":{"self":[{"href":"https:\/\/tv.a11.cz\/api\/wp\/v2\/posts\/2253","targetHints":{"allow":["GET"]}}],"collection":[{"href":"https:\/\/tv.a11.cz\/api\/wp\/v2\/posts"}],"about":[{"href":"https:\/\/tv.a11.cz\/api\/wp\/v2\/types\/post"}],"author":[{"embeddable":true,"href":"https:\/\/tv.a11.cz\/api\/wp\/v2\/users\/4"}],"replies":[{"embeddable":true,"href":"https:\/\/tv.a11.cz\/api\/wp\/v2\/comments?post=2253"}],"version-history":[{"count":3,"href":"https:\/\/tv.a11.cz\/api\/wp\/v2\/posts\/2253\/revisions"}],"predecessor-version":[{"id":2257,"href":"https:\/\/tv.a11.cz\/api\/wp\/v2\/posts\/2253\/revisions\/2257"}],"wp:featuredmedia":[{"embeddable":true,"href":"https:\/\/tv.a11.cz\/api\/wp\/v2\/media\/2254"}],"wp:attachment":[{"href":"https:\/\/tv.a11.cz\/api\/wp\/v2\/media?parent=2253"}],"wp:term":[{"taxonomy":"category","embeddable":true,"href":"https:\/\/tv.a11.cz\/api\/wp\/v2\/categories?post=2253"},{"taxonomy":"post_tag","embeddable":true,"href":"https:\/\/tv.a11.cz\/api\/wp\/v2\/tags?post=2253"},{"taxonomy":"porad","embeddable":true,"href":"https:\/\/tv.a11.cz\/api\/wp\/v2\/porad?post=2253"},{"taxonomy":"region","embeddable":true,"href":"https:\/\/tv.a11.cz\/api\/wp\/v2\/region?post=2253"}],"curies":[{"name":"wp","href":"https:\/\/api.w.org\/{rel}","templated":true}]}}