{"id":2232,"date":"2023-05-02T10:53:10","date_gmt":"2023-05-02T08:53:10","guid":{"rendered":"https:\/\/tv.a11.cz\/?p=2232"},"modified":"2023-05-04T10:59:35","modified_gmt":"2023-05-04T08:59:35","slug":"prvni-maj","status":"publish","type":"post","link":"https:\/\/tv.a11.cz\/prvni-maj-2232\/","title":{"rendered":"Prvn\u00ed m\u00e1j v Praze"},"content":{"rendered":"<p>Oslava sv\u00e1tku pr\u00e1ce a prvn\u00ed M\u00e1j se v Praze nesl v duchu politick\u00fdch demonstrac\u00ed.<br \/>\nCentrem d\u011bn\u00ed se pro mnoh\u00e9 z nich stal pra\u017esk\u00fd St\u0159eleck\u00fd ostrov, kde si u\u017e v p\u00e1tek 28. dubna dali dostaven\u00ed\u010dko z\u00e1stupci \u010cesk\u00e9 strany soci\u00e1ln\u011b demokratick\u00e9. Dnes je na stejn\u00e9m m\u00edst\u011b vyst\u0159\u00eddali p\u0159edstavitel\u00e9 a p\u0159\u00edznivci komunistick\u00e9 strany \u010cech a Moravy. Na V\u00edtkov\u011b se vydali p\u0159\u00edznivci iniciativy Zachra\u0148me n\u00e1\u0161 st\u00e1t oslavit prvn\u00ed M\u00e1j bez jak\u00e9hokoliv politick\u00e9ho kontextu.<\/p>\n<p>I p\u0159es mnoho politick\u00fdch akc\u00ed a demonstrac\u00ed je pro v\u011bt\u0161inu \u010cech\u016f prvn\u00ed M\u00e1j oslavou l\u00e1sky.<\/p>\n","protected":false},"excerpt":{"rendered":"<p>Sv\u00e1tek pr\u00e1ce prvn\u00ed M\u00e1j se nejen u n\u00e1s tradi\u010dn\u011b nese v duchu nejr\u016fzn\u011bj\u0161\u00edch akc\u00ed. Jinak tomu nebylo ani letos.<\/p>\n","protected":false},"author":4,"featured_media":2233,"comment_status":"closed","ping_status":"closed","sticky":false,"template":"","format":"standard","meta":{"_acf_changed":false,"footnotes":""},"categories":[17,157],"tags":[],"porad":[],"region":[51],"class_list":["post-2232","post","type-post","status-publish","format-standard","has-post-thumbnail","hentry","category-domaci","category-zpravy","region-praha"],"acf":[],"meta_box":{"odeslat":[]},"_links":{"self":[{"href":"https:\/\/tv.a11.cz\/api\/wp\/v2\/posts\/2232","targetHints":{"allow":["GET"]}}],"collection":[{"href":"https:\/\/tv.a11.cz\/api\/wp\/v2\/posts"}],"about":[{"href":"https:\/\/tv.a11.cz\/api\/wp\/v2\/types\/post"}],"author":[{"embeddable":true,"href":"https:\/\/tv.a11.cz\/api\/wp\/v2\/users\/4"}],"replies":[{"embeddable":true,"href":"https:\/\/tv.a11.cz\/api\/wp\/v2\/comments?post=2232"}],"version-history":[{"count":2,"href":"https:\/\/tv.a11.cz\/api\/wp\/v2\/posts\/2232\/revisions"}],"predecessor-version":[{"id":2235,"href":"https:\/\/tv.a11.cz\/api\/wp\/v2\/posts\/2232\/revisions\/2235"}],"wp:featuredmedia":[{"embeddable":true,"href":"https:\/\/tv.a11.cz\/api\/wp\/v2\/media\/2233"}],"wp:attachment":[{"href":"https:\/\/tv.a11.cz\/api\/wp\/v2\/media?parent=2232"}],"wp:term":[{"taxonomy":"category","embeddable":true,"href":"https:\/\/tv.a11.cz\/api\/wp\/v2\/categories?post=2232"},{"taxonomy":"post_tag","embeddable":true,"href":"https:\/\/tv.a11.cz\/api\/wp\/v2\/tags?post=2232"},{"taxonomy":"porad","embeddable":true,"href":"https:\/\/tv.a11.cz\/api\/wp\/v2\/porad?post=2232"},{"taxonomy":"region","embeddable":true,"href":"https:\/\/tv.a11.cz\/api\/wp\/v2\/region?post=2232"}],"curies":[{"name":"wp","href":"https:\/\/api.w.org\/{rel}","templated":true}]}}