{"id":2212,"date":"2023-05-02T10:15:31","date_gmt":"2023-05-02T08:15:31","guid":{"rendered":"https:\/\/tv.a11.cz\/?p=2212"},"modified":"2023-05-04T10:19:40","modified_gmt":"2023-05-04T08:19:40","slug":"vyroci-rekonstrukce-hernychovy-vily-15-let-od-rekonstrukce-hernychovy-vily","status":"publish","type":"post","link":"https:\/\/tv.a11.cz\/vyroci-rekonstrukce-hernychovy-vily-15-let-od-rekonstrukce-hernychovy-vily-2212\/","title":{"rendered":"V\u00fdro\u010d\u00ed rekonstrukce Hernychovy vily"},"content":{"rendered":"<p>S\u00eddlo rodiny m\u00edstn\u00edho tov\u00e1rn\u00edka a pozd\u011bji tak\u00e9 z\u00e1kladn\u00ed um\u011bleck\u00e9 \u0161koly pro\u0161lo v letech 2006-2008 rozs\u00e1hlou p\u0159estavbou. Jej\u00edm c\u00edlem bylo vr\u00e1tit vilu do p\u016fvodn\u00edho stavu. Rekonstrukce byla financov\u00e1na v r\u00e1mci akce Kulturn\u011b spole\u010densk\u00e9 centrum \u010cesko-polsk\u00e9ho p\u0159\u00edhrani\u010d\u00ed a vy\u0161la zhruba na 40\u00a0000\u00a0000\u00a0K\u010d.<\/p>\n<p>N\u011bkte\u0159\u00ed n\u00e1v\u0161t\u011bvn\u00edci tak vyu\u017eili p\u0159\u00edle\u017eitost a vyrazili nejen na komentovanou prohl\u00eddku expozic, ale tak\u00e9 vily. Tu nechal na za\u010d\u00e1tku minul\u00e9ho stolet\u00ed postavit m\u00edstn\u00ed tov\u00e1rn\u00edk Florian Hernych.<\/p>\n","protected":false},"excerpt":{"rendered":"<p>S\u00eddlo rodiny m\u00edstn\u00edho tov\u00e1rn\u00edka, Hernychova vila, slav\u00ed v\u00fdro\u010d\u00ed sv\u00e9 rozs\u00e1hl\u00e9 rekonstrukce.<\/p>\n","protected":false},"author":4,"featured_media":2216,"comment_status":"closed","ping_status":"closed","sticky":false,"template":"","format":"standard","meta":{"_acf_changed":false,"footnotes":""},"categories":[17,157],"tags":[],"porad":[],"region":[104,60],"class_list":["post-2212","post","type-post","status-publish","format-standard","has-post-thumbnail","hentry","category-domaci","category-zpravy","region-orlicko","region-pardubicky-kraj"],"acf":[],"meta_box":{"odeslat":[]},"_links":{"self":[{"href":"https:\/\/tv.a11.cz\/api\/wp\/v2\/posts\/2212","targetHints":{"allow":["GET"]}}],"collection":[{"href":"https:\/\/tv.a11.cz\/api\/wp\/v2\/posts"}],"about":[{"href":"https:\/\/tv.a11.cz\/api\/wp\/v2\/types\/post"}],"author":[{"embeddable":true,"href":"https:\/\/tv.a11.cz\/api\/wp\/v2\/users\/4"}],"replies":[{"embeddable":true,"href":"https:\/\/tv.a11.cz\/api\/wp\/v2\/comments?post=2212"}],"version-history":[{"count":3,"href":"https:\/\/tv.a11.cz\/api\/wp\/v2\/posts\/2212\/revisions"}],"predecessor-version":[{"id":2215,"href":"https:\/\/tv.a11.cz\/api\/wp\/v2\/posts\/2212\/revisions\/2215"}],"wp:featuredmedia":[{"embeddable":true,"href":"https:\/\/tv.a11.cz\/api\/wp\/v2\/media\/2216"}],"wp:attachment":[{"href":"https:\/\/tv.a11.cz\/api\/wp\/v2\/media?parent=2212"}],"wp:term":[{"taxonomy":"category","embeddable":true,"href":"https:\/\/tv.a11.cz\/api\/wp\/v2\/categories?post=2212"},{"taxonomy":"post_tag","embeddable":true,"href":"https:\/\/tv.a11.cz\/api\/wp\/v2\/tags?post=2212"},{"taxonomy":"porad","embeddable":true,"href":"https:\/\/tv.a11.cz\/api\/wp\/v2\/porad?post=2212"},{"taxonomy":"region","embeddable":true,"href":"https:\/\/tv.a11.cz\/api\/wp\/v2\/region?post=2212"}],"curies":[{"name":"wp","href":"https:\/\/api.w.org\/{rel}","templated":true}]}}