{"id":2164,"date":"2023-05-02T16:44:59","date_gmt":"2023-05-02T14:44:59","guid":{"rendered":"https:\/\/tv.a11.cz\/?p=2164"},"modified":"2023-05-03T16:50:29","modified_gmt":"2023-05-03T14:50:29","slug":"privoz-hranicar-byl-spusten-na-vodu-z-frymburku-do-frydavy","status":"publish","type":"post","link":"https:\/\/tv.a11.cz\/privoz-hranicar-byl-spusten-na-vodu-z-frymburku-do-frydavy-2164\/","title":{"rendered":"P\u0159\u00edvoz Hrani\u010d\u00e1\u0159 byl spu\u0161t\u011bn na vodu"},"content":{"rendered":"<p>P\u0159\u00edvoz Hrani\u010d\u00e1\u0159, kter\u00fd zaji\u0161\u0165uje p\u0159epravu osob, automobil\u016f a motocykl\u016f z Frymburku na Fr\u00fddavu a zp\u011bt, byl op\u011bt spu\u0161t\u011bn na vodu a v p\u00e1tek 21.\u00a0dubna v dev\u011bt hodin r\u00e1no zah\u00e1jil svou plavebn\u00ed sez\u00f3nu.<\/p>\n<p>Provozn\u00ed doba je nem\u011bnn\u00e1 jako v p\u0159edchoz\u00edch letech. P\u0159\u00edvoz vyr\u00e1\u017e\u00ed ka\u017ed\u00e9 r\u00e1no v dev\u011bt hodin. V dubnu je otev\u0159eno do 16 hodin. Provozn\u00ed doba se v dal\u0161\u00edch m\u011bs\u00edc\u00edch prodlu\u017euje. Od \u010dervence je p\u0159\u00edvoz otev\u0159en\u00fd a\u017e do 20 hodin.<\/p>\n<p>Ve Frymburku nekotv\u00ed pouze p\u0159\u00edvoz Hrani\u010d\u00e1\u0159, ale tak\u00e9 men\u0161\u00ed v\u00fdletn\u00ed lo\u010f Marta, kter\u00e1 slou\u017e\u00ed m\u00edstn\u00edm i turist\u016fm zejm\u00e9na v l\u00e9t\u011b a o v\u00edkendech. Ceny z\u016fst\u00e1vaj\u00ed stejn\u00e9 jako v lo\u0148sk\u00e9m roce.<\/p>\n","protected":false},"excerpt":{"rendered":"<p>Obl\u00edben\u00fd p\u0159\u00edvoz, kter\u00fd zaji\u0161\u0165uje p\u0159epravu osob je op\u011bt v provozu a t\u011b\u0161\u00ed se na sv\u00e9 cestuj\u00edc\u00ed.  <\/p>\n","protected":false},"author":4,"featured_media":2168,"comment_status":"closed","ping_status":"closed","sticky":false,"template":"","format":"standard","meta":{"_acf_changed":false,"footnotes":""},"categories":[17,157],"tags":[],"porad":[],"region":[52,80],"class_list":["post-2164","post","type-post","status-publish","format-standard","has-post-thumbnail","hentry","category-domaci","category-zpravy","region-jihocesky-kraj","region-krumlovsko"],"acf":[],"meta_box":{"odeslat":[]},"_links":{"self":[{"href":"https:\/\/tv.a11.cz\/api\/wp\/v2\/posts\/2164","targetHints":{"allow":["GET"]}}],"collection":[{"href":"https:\/\/tv.a11.cz\/api\/wp\/v2\/posts"}],"about":[{"href":"https:\/\/tv.a11.cz\/api\/wp\/v2\/types\/post"}],"author":[{"embeddable":true,"href":"https:\/\/tv.a11.cz\/api\/wp\/v2\/users\/4"}],"replies":[{"embeddable":true,"href":"https:\/\/tv.a11.cz\/api\/wp\/v2\/comments?post=2164"}],"version-history":[{"count":3,"href":"https:\/\/tv.a11.cz\/api\/wp\/v2\/posts\/2164\/revisions"}],"predecessor-version":[{"id":2167,"href":"https:\/\/tv.a11.cz\/api\/wp\/v2\/posts\/2164\/revisions\/2167"}],"wp:featuredmedia":[{"embeddable":true,"href":"https:\/\/tv.a11.cz\/api\/wp\/v2\/media\/2168"}],"wp:attachment":[{"href":"https:\/\/tv.a11.cz\/api\/wp\/v2\/media?parent=2164"}],"wp:term":[{"taxonomy":"category","embeddable":true,"href":"https:\/\/tv.a11.cz\/api\/wp\/v2\/categories?post=2164"},{"taxonomy":"post_tag","embeddable":true,"href":"https:\/\/tv.a11.cz\/api\/wp\/v2\/tags?post=2164"},{"taxonomy":"porad","embeddable":true,"href":"https:\/\/tv.a11.cz\/api\/wp\/v2\/porad?post=2164"},{"taxonomy":"region","embeddable":true,"href":"https:\/\/tv.a11.cz\/api\/wp\/v2\/region?post=2164"}],"curies":[{"name":"wp","href":"https:\/\/api.w.org\/{rel}","templated":true}]}}