{"id":2126,"date":"2023-05-02T13:50:12","date_gmt":"2023-05-02T11:50:12","guid":{"rendered":"https:\/\/tv.a11.cz\/?p=2126"},"modified":"2023-05-03T13:53:40","modified_gmt":"2023-05-03T11:53:40","slug":"tragicke-obeti-konce-valky-tragicke-obeti","status":"publish","type":"post","link":"https:\/\/tv.a11.cz\/tragicke-obeti-konce-valky-tragicke-obeti-2126\/","title":{"rendered":"Tragick\u00e9 ob\u011bti konce v\u00e1lky"},"content":{"rendered":"<p>I na \u00fapln\u00e9m konci druh\u00e9 sv\u011btov\u00e9 v\u00e1lky se jednotky SS rozhodly trestat obyvatele za pomoc partyz\u00e1n\u016fm a odbojovou \u010dinnost. Sv\u00e9 o tom v\u00ed i obyvatel\u00e9 Vala\u0161sk\u00e9 obce Prlov, kde 23.\u00a0dubna 1945 do\u0161lo k vyp\u00e1len\u00ed n\u011bkolika dom\u016f, do kter\u00fdch bylo za spolupr\u00e1ci s partyz\u00e1ny vehn\u00e1no 15 lid\u00ed.<\/p>\n<p>Tuto obrovskou a zbyte\u010dnou trag\u00e9dii si v sobotu lid\u00e9 p\u0159ipomn\u011bli u Prlovsk\u00e9ho pam\u00e1tn\u00edku. Na m\u00edst\u011b se uskute\u010dnil d\u016fstojn\u00fd pietn\u00ed akt, p\u0159i kter\u00e9m nechyb\u011bla vojensk\u00e1 hudba, slavnostn\u00ed salvy i cel\u00e1 \u0159ada z\u00e1stupc\u016f okoln\u00edch obc\u00ed. Velk\u00e9 zastoupen\u00ed m\u011bla ale i ve\u0159ejnost.<\/p>\n","protected":false},"excerpt":{"rendered":"<p>Obrovskou trag\u00e9dii z konce v\u00e1lky si lid\u00e9 p\u0159ipomn\u011bli pietn\u00edm aktem u Prlovsk\u00e9ho pam\u00e1tn\u00edku.<\/p>\n","protected":false},"author":4,"featured_media":2129,"comment_status":"closed","ping_status":"closed","sticky":false,"template":"","format":"standard","meta":{"_acf_changed":false,"footnotes":""},"categories":[17,157],"tags":[],"porad":[],"region":[86,64],"class_list":["post-2126","post","type-post","status-publish","format-standard","has-post-thumbnail","hentry","category-domaci","category-zpravy","region-vsetinsko","region-zlinsky-kraj"],"acf":[],"meta_box":{"odeslat":[]},"_links":{"self":[{"href":"https:\/\/tv.a11.cz\/api\/wp\/v2\/posts\/2126","targetHints":{"allow":["GET"]}}],"collection":[{"href":"https:\/\/tv.a11.cz\/api\/wp\/v2\/posts"}],"about":[{"href":"https:\/\/tv.a11.cz\/api\/wp\/v2\/types\/post"}],"author":[{"embeddable":true,"href":"https:\/\/tv.a11.cz\/api\/wp\/v2\/users\/4"}],"replies":[{"embeddable":true,"href":"https:\/\/tv.a11.cz\/api\/wp\/v2\/comments?post=2126"}],"version-history":[{"count":3,"href":"https:\/\/tv.a11.cz\/api\/wp\/v2\/posts\/2126\/revisions"}],"predecessor-version":[{"id":2130,"href":"https:\/\/tv.a11.cz\/api\/wp\/v2\/posts\/2126\/revisions\/2130"}],"wp:featuredmedia":[{"embeddable":true,"href":"https:\/\/tv.a11.cz\/api\/wp\/v2\/media\/2129"}],"wp:attachment":[{"href":"https:\/\/tv.a11.cz\/api\/wp\/v2\/media?parent=2126"}],"wp:term":[{"taxonomy":"category","embeddable":true,"href":"https:\/\/tv.a11.cz\/api\/wp\/v2\/categories?post=2126"},{"taxonomy":"post_tag","embeddable":true,"href":"https:\/\/tv.a11.cz\/api\/wp\/v2\/tags?post=2126"},{"taxonomy":"porad","embeddable":true,"href":"https:\/\/tv.a11.cz\/api\/wp\/v2\/porad?post=2126"},{"taxonomy":"region","embeddable":true,"href":"https:\/\/tv.a11.cz\/api\/wp\/v2\/region?post=2126"}],"curies":[{"name":"wp","href":"https:\/\/api.w.org\/{rel}","templated":true}]}}