{"id":13553,"date":"2023-11-13T09:22:49","date_gmt":"2023-11-13T08:22:49","guid":{"rendered":"https:\/\/tv.a11.cz\/?p=13553"},"modified":"2023-11-13T09:22:49","modified_gmt":"2023-11-13T08:22:49","slug":"nova-hala-nebo-oprava-plechareny-rozhodnou-trzni-konzultace","status":"publish","type":"post","link":"https:\/\/tv.a11.cz\/nova-hala-nebo-oprava-plechareny-rozhodnou-trzni-konzultace-13553\/","title":{"rendered":"Nov\u00e1 hala nebo oprava plechar\u00e9ny? Rozhodnou tr\u017en\u00ed konzultace"},"content":{"rendered":"<p>O krok vp\u0159edu je ov\u0161em varianta nov\u00e9 haly. Radn\u00ed dostali na posledn\u00ed sch\u016fzi od zastupitel\u016f mand\u00e1t, aby jednali s p\u0159\u00edpadn\u00fdmi z\u00e1jemci o v\u00fdstavbu ar\u00e9ny.<\/p>\n<p>Tr\u017en\u00ed konzultace jsou otev\u0159en\u00e9, zat\u00edm ale nab\u00eddku p\u0159edlo\u017eil pouze jeden developer \u2013 spole\u010dnost REDSTONE Richarda Mor\u00e1vka. Halu chce postavit na pozemc\u00edch po b\u00fdval\u00fdch vojensk\u00fdch skladech ve Velkomoravsk\u00e9 ulici. M\u011bsto by se po dobu 30 let pod\u00edlelo na provozu 30 miliony korun ro\u010dn\u011b.<\/p>\n<p>Pro p\u0159edb\u011b\u017en\u00e9 konzultace zvedlo ruku 28 zastupitel\u016f, 11 se zdr\u017eelo v\u010detn\u011b \u010dlena koalice pro Olomouc. Proti bylo v\u0161ech p\u011bt z\u00e1stupc\u016f hnut\u00ed Spole\u010dn\u011b, kter\u00e9 je rovn\u011b\u017e sou\u010d\u00e1st\u00ed Rady m\u011bsta. Oba subjekty se p\u0159ikl\u00e1n\u011bj\u00ed k variant\u011b etapovit\u00e9 opravy plechar\u00e9ny.<\/p>\n<p>Bez ohledu na kone\u010dnou variantu postav\u00ed m\u011bsto vedle plechar\u00e9ny samostatn\u011b funguj\u00edc\u00ed malou halu pro sportuj\u00edc\u00ed ml\u00e1de\u017e a bruslen\u00ed ve\u0159ejnosti. Pokud se poda\u0159\u00ed z\u00edskat v\u0161echna pot\u0159ebn\u00e1 povolen\u00ed a dotace, m\u011bla by jej\u00ed v\u00fdstavba za\u010d\u00edt v roce 2025.<\/p>\n","protected":false},"excerpt":{"rendered":"<p>Vyroste v Olomouci nov\u00e1 multifunk\u010dn\u00ed hala, kterou postav\u00ed soukrom\u00fd investor, nebo se sta\u0159i\u010dk\u00e1 plech\u00e1rna do\u010dk\u00e1 z\u00e1sadn\u00ed rekonstrukce? Definitivn\u00ed rozhodnut\u00ed st\u00e1le nepadlo.<\/p>\n","protected":false},"author":4,"featured_media":13651,"comment_status":"closed","ping_status":"closed","sticky":false,"template":"","format":"standard","meta":{"_acf_changed":false,"footnotes":""},"categories":[17,159,157],"tags":[],"porad":[],"region":[106,59],"class_list":["post-13553","post","type-post","status-publish","format-standard","has-post-thumbnail","hentry","category-domaci","category-stavebnictvi","category-zpravy","region-olomoucko","region-olomoucky-kraj"],"acf":[],"meta_box":{"odeslat":["nasregion"]},"_links":{"self":[{"href":"https:\/\/tv.a11.cz\/api\/wp\/v2\/posts\/13553","targetHints":{"allow":["GET"]}}],"collection":[{"href":"https:\/\/tv.a11.cz\/api\/wp\/v2\/posts"}],"about":[{"href":"https:\/\/tv.a11.cz\/api\/wp\/v2\/types\/post"}],"author":[{"embeddable":true,"href":"https:\/\/tv.a11.cz\/api\/wp\/v2\/users\/4"}],"replies":[{"embeddable":true,"href":"https:\/\/tv.a11.cz\/api\/wp\/v2\/comments?post=13553"}],"version-history":[{"count":2,"href":"https:\/\/tv.a11.cz\/api\/wp\/v2\/posts\/13553\/revisions"}],"predecessor-version":[{"id":13650,"href":"https:\/\/tv.a11.cz\/api\/wp\/v2\/posts\/13553\/revisions\/13650"}],"wp:featuredmedia":[{"embeddable":true,"href":"https:\/\/tv.a11.cz\/api\/wp\/v2\/media\/13651"}],"wp:attachment":[{"href":"https:\/\/tv.a11.cz\/api\/wp\/v2\/media?parent=13553"}],"wp:term":[{"taxonomy":"category","embeddable":true,"href":"https:\/\/tv.a11.cz\/api\/wp\/v2\/categories?post=13553"},{"taxonomy":"post_tag","embeddable":true,"href":"https:\/\/tv.a11.cz\/api\/wp\/v2\/tags?post=13553"},{"taxonomy":"porad","embeddable":true,"href":"https:\/\/tv.a11.cz\/api\/wp\/v2\/porad?post=13553"},{"taxonomy":"region","embeddable":true,"href":"https:\/\/tv.a11.cz\/api\/wp\/v2\/region?post=13553"}],"curies":[{"name":"wp","href":"https:\/\/api.w.org\/{rel}","templated":true}]}}