{"id":1303,"date":"2023-03-15T18:16:24","date_gmt":"2023-03-15T17:16:24","guid":{"rendered":"https:\/\/tv.a11.cz\/?p=1303"},"modified":"2023-03-15T18:16:24","modified_gmt":"2023-03-15T17:16:24","slug":"vsetin-mezinarodni-bienale-interfotoklub-vsetin-zna-sve-viteze","status":"publish","type":"post","link":"https:\/\/tv.a11.cz\/vsetin-mezinarodni-bienale-interfotoklub-vsetin-zna-sve-viteze-1303\/","title":{"rendered":"Mezin\u00e1rodn\u00ed bien\u00e1le Interfotoklub Vset\u00edn zn\u00e1 sv\u00e9 v\u00edt\u011bze"},"content":{"rendered":"<p>Na vset\u00ednsk\u00e9 star\u00e9 radnici a v prostor\u00e1ch vset\u00ednsk\u00e9ho z\u00e1mku si m\u016f\u017eete prohl\u00e9dnout nejlep\u0161\u00ed sn\u00edmky t\u0159ic\u00e1t\u00e9ho druh\u00e9ho ro\u010dn\u00edku bien\u00e1le presti\u017en\u00ed mezin\u00e1rodn\u00ed sout\u011b\u017ee Interfotoklub Vset\u00edn roku 2022.<\/p>\n<p>Slavnostn\u00ed vernis\u00e1\u017e se konala 12. b\u0159ezna, kdy byly z\u00e1rove\u0148 ocen\u011bny nejlep\u0161\u00ed pr\u00e1ce.<\/p>\n<p>Do sout\u011b\u017ee bylo p\u0159ihl\u00e1\u0161eno 470 fotografi\u00ed z cel\u00e9ho sv\u011bta. Porota vyb\u00edrala nejlep\u0161\u00ed sn\u00edmky do t\u0159\u00ed kategori\u00ed. \u010cernob\u00edl\u00e1 fotografie na voln\u00e9 t\u00e9ma, barevn\u00e1 fotografie na voln\u00e9 t\u00e9ma a v t\u0159et\u00ed kategorii sout\u011b\u017eily pr\u00e1ce fotoklub\u016f a skupin. Ocen\u011bn\u00ed zlatou medail\u00ed si odnesl vset\u00ednsk\u00fd fotoklub.<\/p>\n<p>Kompletn\u00ed v\u00fdsledky a ocen\u011bn\u00ed najdou z\u00e1jemci na webu Interfotoklub.cz.<\/p>\n","protected":false},"excerpt":{"rendered":"<p>P\u0159ij\u010fte se pod\u00edvat na nejlep\u0161\u00ed sn\u00edmky v presti\u017en\u00ed fotografick\u00e9 sout\u011b\u017ei.<\/p>\n","protected":false},"author":4,"featured_media":1296,"comment_status":"closed","ping_status":"closed","sticky":false,"template":"","format":"standard","meta":{"_acf_changed":false,"footnotes":""},"categories":[17,21,171,157],"tags":[],"porad":[],"region":[86,64],"class_list":["post-1303","post","type-post","status-publish","format-standard","has-post-thumbnail","hentry","category-domaci","category-kultura","category-umeni","category-zpravy","region-vsetinsko","region-zlinsky-kraj"],"acf":[],"meta_box":{"odeslat":[]},"_links":{"self":[{"href":"https:\/\/tv.a11.cz\/api\/wp\/v2\/posts\/1303","targetHints":{"allow":["GET"]}}],"collection":[{"href":"https:\/\/tv.a11.cz\/api\/wp\/v2\/posts"}],"about":[{"href":"https:\/\/tv.a11.cz\/api\/wp\/v2\/types\/post"}],"author":[{"embeddable":true,"href":"https:\/\/tv.a11.cz\/api\/wp\/v2\/users\/4"}],"replies":[{"embeddable":true,"href":"https:\/\/tv.a11.cz\/api\/wp\/v2\/comments?post=1303"}],"version-history":[{"count":1,"href":"https:\/\/tv.a11.cz\/api\/wp\/v2\/posts\/1303\/revisions"}],"predecessor-version":[{"id":1321,"href":"https:\/\/tv.a11.cz\/api\/wp\/v2\/posts\/1303\/revisions\/1321"}],"wp:featuredmedia":[{"embeddable":true,"href":"https:\/\/tv.a11.cz\/api\/wp\/v2\/media\/1296"}],"wp:attachment":[{"href":"https:\/\/tv.a11.cz\/api\/wp\/v2\/media?parent=1303"}],"wp:term":[{"taxonomy":"category","embeddable":true,"href":"https:\/\/tv.a11.cz\/api\/wp\/v2\/categories?post=1303"},{"taxonomy":"post_tag","embeddable":true,"href":"https:\/\/tv.a11.cz\/api\/wp\/v2\/tags?post=1303"},{"taxonomy":"porad","embeddable":true,"href":"https:\/\/tv.a11.cz\/api\/wp\/v2\/porad?post=1303"},{"taxonomy":"region","embeddable":true,"href":"https:\/\/tv.a11.cz\/api\/wp\/v2\/region?post=1303"}],"curies":[{"name":"wp","href":"https:\/\/api.w.org\/{rel}","templated":true}]}}