{"id":1290,"date":"2023-03-14T13:38:54","date_gmt":"2023-03-14T12:38:54","guid":{"rendered":"https:\/\/tv.a11.cz\/?p=1290"},"modified":"2023-03-14T13:38:54","modified_gmt":"2023-03-14T12:38:54","slug":"vsetin-nejlepsi-sportovec-roku-okresu-vsetin-za-rok-2022-2","status":"publish","type":"post","link":"https:\/\/tv.a11.cz\/vsetin-nejlepsi-sportovec-roku-okresu-vsetin-za-rok-2022-2-1290\/","title":{"rendered":"Nejlep\u0161\u00ed sportovec roku okresu Vset\u00edn za rok 2022"},"content":{"rendered":"<p>V \u00fater\u00fd 7.\u00a0\u00fanora se ve vset\u00ednsk\u00e9m divadle vyhla\u0161ovaly v\u00fdsledky ankety nejlep\u0161\u00ed sportovec okresu Vset\u00edn za rok 2022. Celkem bylo rozd\u00e1no 22 cen sportovc\u016fm, sportovn\u00edm klub\u016fm a tren\u00e9r\u016fm.<\/p>\n<p>Cenu osobnost Vala\u0161sk\u00e9ho fotbalu z\u00edskal pan Old\u0159ich Hor\u0148\u00e1k za n\u011bkdej\u0161\u00ed vset\u00ednskou zbrojovku. Odehr\u00e1l t\u0159i stovky utk\u00e1n\u00ed.<\/p>\n<p>V kategorii \u017eactva byli ocen\u011bni lukost\u0159elci Ond\u0159ej \u0160ug\u00e1rek z SKP Vset\u00edn a jeho bratr Jakub \u0160ug\u00e1rek. Oba dr\u017eitel\u00e9 n\u00e1rodn\u00edho rekordu ve sv\u00e9 kategorii.<\/p>\n<p>V juniorech a dorostu si cenu odnesli biatlonistka Tereza Petro\u0161ov\u00e1 a Michaela Ju\u0159i\u010dkov\u00e1 za trampol\u00edny. Cenu tak\u00e9 z\u00edskala karatistka Veronika Je\u017e\u00edkov\u00e1.<\/p>\n<p>Ocen\u011bn\u00ed se do\u010dkaly i t\u00fdmy. A to \u0161achist\u00e9 z Ho\u0161\u0165\u00e1lkov\u00e9, h\u00e1zenk\u00e1\u0159i HC Robe Zub\u0159\u00ed, mu\u017ei i dorostenci. Cenu si odnesli i volejbalist\u00e9 VK mez Vset\u00edn.<\/p>\n<p>Sportovce krom\u011b jejich klubu a m\u011bst finan\u010dn\u011b podporuje i Zl\u00ednsk\u00fd kraj. Na \u010dinnost klub\u016f m\u00e1 ve sv\u00e9m rozpo\u010dtu na rok 2023 a\u017e 18,5 milionu korun.<\/p>\n<p>Kompletn\u00ed soupis v\u00fdsledk\u016f ankety najdou z\u00e1jemci na webu nej\u00fasp\u011b\u0161n\u011bj\u0161\u00ed sportovec roku.<\/p>\n","protected":false},"excerpt":{"rendered":"<p>Byly rozd\u00e1ny ceny nejlep\u0161\u00edm sportovc\u016fm, klub\u016fm a tren\u00e9r\u016fm. Kdo toto ocen\u011bn\u00ed z\u00edskal?<\/p>\n","protected":false},"author":4,"featured_media":1287,"comment_status":"closed","ping_status":"closed","sticky":false,"template":"","format":"standard","meta":{"_acf_changed":false,"footnotes":""},"categories":[17,28,157],"tags":[],"porad":[],"region":[86,64],"class_list":["post-1290","post","type-post","status-publish","format-standard","has-post-thumbnail","hentry","category-domaci","category-sport","category-zpravy","region-vsetinsko","region-zlinsky-kraj"],"acf":[],"meta_box":{"odeslat":[]},"_links":{"self":[{"href":"https:\/\/tv.a11.cz\/api\/wp\/v2\/posts\/1290","targetHints":{"allow":["GET"]}}],"collection":[{"href":"https:\/\/tv.a11.cz\/api\/wp\/v2\/posts"}],"about":[{"href":"https:\/\/tv.a11.cz\/api\/wp\/v2\/types\/post"}],"author":[{"embeddable":true,"href":"https:\/\/tv.a11.cz\/api\/wp\/v2\/users\/4"}],"replies":[{"embeddable":true,"href":"https:\/\/tv.a11.cz\/api\/wp\/v2\/comments?post=1290"}],"version-history":[{"count":1,"href":"https:\/\/tv.a11.cz\/api\/wp\/v2\/posts\/1290\/revisions"}],"predecessor-version":[{"id":1291,"href":"https:\/\/tv.a11.cz\/api\/wp\/v2\/posts\/1290\/revisions\/1291"}],"wp:featuredmedia":[{"embeddable":true,"href":"https:\/\/tv.a11.cz\/api\/wp\/v2\/media\/1287"}],"wp:attachment":[{"href":"https:\/\/tv.a11.cz\/api\/wp\/v2\/media?parent=1290"}],"wp:term":[{"taxonomy":"category","embeddable":true,"href":"https:\/\/tv.a11.cz\/api\/wp\/v2\/categories?post=1290"},{"taxonomy":"post_tag","embeddable":true,"href":"https:\/\/tv.a11.cz\/api\/wp\/v2\/tags?post=1290"},{"taxonomy":"porad","embeddable":true,"href":"https:\/\/tv.a11.cz\/api\/wp\/v2\/porad?post=1290"},{"taxonomy":"region","embeddable":true,"href":"https:\/\/tv.a11.cz\/api\/wp\/v2\/region?post=1290"}],"curies":[{"name":"wp","href":"https:\/\/api.w.org\/{rel}","templated":true}]}}