{"id":12370,"date":"2023-10-23T21:13:05","date_gmt":"2023-10-23T19:13:05","guid":{"rendered":"https:\/\/tv.a11.cz\/?p=12370"},"modified":"2023-10-23T21:13:05","modified_gmt":"2023-10-23T19:13:05","slug":"nova-expozice-venovana-vakuu-je-k-videni-v-pevnosti-poznani","status":"publish","type":"post","link":"https:\/\/tv.a11.cz\/nova-expozice-venovana-vakuu-je-k-videni-v-pevnosti-poznani-12370\/","title":{"rendered":"Nov\u00e1 expozice v\u011bnovan\u00e1 vakuu je k vid\u011bn\u00ed v Pevnosti pozn\u00e1n\u00ed"},"content":{"rendered":"<p>Na vlastn\u00ed o\u010di to a mnoho dal\u0161\u00edho mohou vid\u011bt a prozkoumat n\u00e1v\u0161t\u011bvn\u00edci nov\u00e9 \u010d\u00e1sti expozice fyziky v olomouck\u00e9 Pevnosti pozn\u00e1n\u00ed. Vznikla ve spolupr\u00e1ci s firmou Edwards, kter\u00e1 vakuov\u00e9 technologie vyr\u00e1b\u00ed.<\/p>\n<div class=\"code-block code-block-2\">\n<div id=\"Rectangle_650x400\">V expozici se lid\u00e9 dozv\u011bd\u00ed, \u017ee bez vakuov\u00fdch v\u00fdv\u011bv se dnes neobejde v\u00fdroba p\u0159edm\u011bt\u016f denn\u00ed pot\u0159eby, jako jsou auta, mobily nebo po\u010d\u00edta\u010de, ale ani kosmick\u00fd \u010di l\u00e9ka\u0159sk\u00fd v\u00fdzkum. Vybaven\u00ed vyu\u017e\u00edvaj\u00ed i lekto\u0159i v r\u00e1mci obl\u00edben\u00e9ho vzd\u011bl\u00e1vac\u00edho programu Fyzika v komiksu. \u017d\u00e1ci tak mohou poznat fyzik\u00e1ln\u00ed z\u00e1kony hravou formou v atraktivn\u00edm prost\u0159ed\u00ed science centra mimo \u0161koln\u00ed t\u0159\u00eddu.<\/div>\n<\/div>\n","protected":false},"excerpt":{"rendered":"<p>V\u00edte, co se stane s vypu\u0161t\u011bn\u00fdm gumov\u00fdm m\u00ed\u010dem, kdy\u017e se ze sklen\u011bn\u00e9ho zvonu v n\u011bm\u017e je um\u00edst\u011bn odsaje vzduch? A co se ve stejn\u00e9m prost\u0159ed\u00ed d\u011bje s v\u011btrnou korouhv\u00ed nebo mechanick\u00fdm zvonkem? <\/p>\n","protected":false},"author":4,"featured_media":12647,"comment_status":"closed","ping_status":"closed","sticky":false,"template":"","format":"standard","meta":{"_acf_changed":false,"footnotes":""},"categories":[17,25,157],"tags":[],"porad":[],"region":[106,59],"class_list":["post-12370","post","type-post","status-publish","format-standard","has-post-thumbnail","hentry","category-domaci","category-vzdelavani","category-zpravy","region-olomoucko","region-olomoucky-kraj"],"acf":[],"meta_box":{"odeslat":["nasregion"]},"_links":{"self":[{"href":"https:\/\/tv.a11.cz\/api\/wp\/v2\/posts\/12370","targetHints":{"allow":["GET"]}}],"collection":[{"href":"https:\/\/tv.a11.cz\/api\/wp\/v2\/posts"}],"about":[{"href":"https:\/\/tv.a11.cz\/api\/wp\/v2\/types\/post"}],"author":[{"embeddable":true,"href":"https:\/\/tv.a11.cz\/api\/wp\/v2\/users\/4"}],"replies":[{"embeddable":true,"href":"https:\/\/tv.a11.cz\/api\/wp\/v2\/comments?post=12370"}],"version-history":[{"count":2,"href":"https:\/\/tv.a11.cz\/api\/wp\/v2\/posts\/12370\/revisions"}],"predecessor-version":[{"id":12646,"href":"https:\/\/tv.a11.cz\/api\/wp\/v2\/posts\/12370\/revisions\/12646"}],"wp:featuredmedia":[{"embeddable":true,"href":"https:\/\/tv.a11.cz\/api\/wp\/v2\/media\/12647"}],"wp:attachment":[{"href":"https:\/\/tv.a11.cz\/api\/wp\/v2\/media?parent=12370"}],"wp:term":[{"taxonomy":"category","embeddable":true,"href":"https:\/\/tv.a11.cz\/api\/wp\/v2\/categories?post=12370"},{"taxonomy":"post_tag","embeddable":true,"href":"https:\/\/tv.a11.cz\/api\/wp\/v2\/tags?post=12370"},{"taxonomy":"porad","embeddable":true,"href":"https:\/\/tv.a11.cz\/api\/wp\/v2\/porad?post=12370"},{"taxonomy":"region","embeddable":true,"href":"https:\/\/tv.a11.cz\/api\/wp\/v2\/region?post=12370"}],"curies":[{"name":"wp","href":"https:\/\/api.w.org\/{rel}","templated":true}]}}