{"id":12175,"date":"2023-10-23T21:10:38","date_gmt":"2023-10-23T19:10:38","guid":{"rendered":"https:\/\/tv.a11.cz\/?p=12175"},"modified":"2023-10-23T21:10:38","modified_gmt":"2023-10-23T19:10:38","slug":"v-malenovicich-vznikla-zelezna-sikana","status":"publish","type":"post","link":"https:\/\/tv.a11.cz\/v-malenovicich-vznikla-zelezna-sikana-12175\/","title":{"rendered":"V Malenovic\u00edch vznikla &#8222;\u017eelezn\u00e1 \u0161ikana&#8220;"},"content":{"rendered":"<p>Toto speci\u00e1ln\u00ed z\u00e1bradl\u00ed u koleji\u0161t\u011b nav\u00e1d\u00ed chodce bl\u00ed\u017e k v\u00fdstra\u017en\u00edk\u016fm a z\u00e1rove\u0148 vytv\u00e1\u0159\u00ed optickou bari\u00e9ru. Zamezuje tak un\u00e1hlen\u00e9mu vjet\u00ed cyklist\u016f nebo vb\u011bhnut\u00ed d\u011bt\u00ed do koleji\u0161t\u011b.<\/p>\n<p>Co se t\u00fd\u010de dal\u0161\u00edch potenci\u00e1ln\u011b rizikov\u00fdch m\u00edst, je zde nap\u0159\u00edklad i p\u0159ejezd u supermarketu Terno. Tam jsou ji\u017e nyn\u00ed instalov\u00e1ny nov\u00e9 vodorovn\u00e9 dopravn\u00ed zna\u010den\u00ed, aby \u0159idi\u010di byli l\u00e9pe upozor\u0148ov\u00e1ni na to, kde se nach\u00e1z\u00ed p\u0159ejezd.<\/p>\n<p>Celou realizaci \u017eelezn\u00e9 \u0161ikany v Malenovic\u00edch financovala Spr\u00e1va \u017eeleznic.<\/p>\n","protected":false},"excerpt":{"rendered":"<p>Dosud nechr\u00e1n\u011bn\u00fd p\u0159echod koleji\u0161t\u011b ve Zl\u00edn\u011b &#8211; Malenovic\u00edch si od roku 2015 vy\u017e\u00e1dal dv\u011b ob\u011bti a jednu t\u011b\u017ece zran\u011bnou osobu. Proto se m\u011bsto rozhodlo vytvo\u0159it v t\u00e9to lokalit\u011b takzvanou \u017eeleznou \u0161ikanu. <\/p>\n","protected":false},"author":4,"featured_media":12645,"comment_status":"closed","ping_status":"closed","sticky":false,"template":"","format":"standard","meta":{"_acf_changed":false,"footnotes":""},"categories":[17,22,157],"tags":[],"porad":[],"region":[85,64],"class_list":["post-12175","post","type-post","status-publish","format-standard","has-post-thumbnail","hentry","category-domaci","category-doprava","category-zpravy","region-zlinsko","region-zlinsky-kraj"],"acf":[],"meta_box":{"odeslat":["nasregion"]},"_links":{"self":[{"href":"https:\/\/tv.a11.cz\/api\/wp\/v2\/posts\/12175","targetHints":{"allow":["GET"]}}],"collection":[{"href":"https:\/\/tv.a11.cz\/api\/wp\/v2\/posts"}],"about":[{"href":"https:\/\/tv.a11.cz\/api\/wp\/v2\/types\/post"}],"author":[{"embeddable":true,"href":"https:\/\/tv.a11.cz\/api\/wp\/v2\/users\/4"}],"replies":[{"embeddable":true,"href":"https:\/\/tv.a11.cz\/api\/wp\/v2\/comments?post=12175"}],"version-history":[{"count":2,"href":"https:\/\/tv.a11.cz\/api\/wp\/v2\/posts\/12175\/revisions"}],"predecessor-version":[{"id":12644,"href":"https:\/\/tv.a11.cz\/api\/wp\/v2\/posts\/12175\/revisions\/12644"}],"wp:featuredmedia":[{"embeddable":true,"href":"https:\/\/tv.a11.cz\/api\/wp\/v2\/media\/12645"}],"wp:attachment":[{"href":"https:\/\/tv.a11.cz\/api\/wp\/v2\/media?parent=12175"}],"wp:term":[{"taxonomy":"category","embeddable":true,"href":"https:\/\/tv.a11.cz\/api\/wp\/v2\/categories?post=12175"},{"taxonomy":"post_tag","embeddable":true,"href":"https:\/\/tv.a11.cz\/api\/wp\/v2\/tags?post=12175"},{"taxonomy":"porad","embeddable":true,"href":"https:\/\/tv.a11.cz\/api\/wp\/v2\/porad?post=12175"},{"taxonomy":"region","embeddable":true,"href":"https:\/\/tv.a11.cz\/api\/wp\/v2\/region?post=12175"}],"curies":[{"name":"wp","href":"https:\/\/api.w.org\/{rel}","templated":true}]}}