{"id":11589,"date":"2023-10-06T09:43:59","date_gmt":"2023-10-06T07:43:59","guid":{"rendered":"https:\/\/tv.a11.cz\/?p=11589"},"modified":"2023-10-06T09:43:59","modified_gmt":"2023-10-06T07:43:59","slug":"solarni-ucet-umozni-vykup-elektriny-z-fotovoltaiky-od-zakazniku","status":"publish","type":"post","link":"https:\/\/tv.a11.cz\/solarni-ucet-umozni-vykup-elektriny-z-fotovoltaiky-od-zakazniku-11589\/","title":{"rendered":"Sol\u00e1rn\u00ed u\u010det umo\u017en\u00ed v\u00fdkup elekt\u0159iny z fotovoltaiky od z\u00e1kazn\u00edk\u016f"},"content":{"rendered":"<p>Vyrobenou sol\u00e1rn\u00ed energii, kterou z\u00e1kazn\u00edci hned nespot\u0159ebuj\u00ed, nov\u011b vykoup\u00ed spole\u010dnost MND. Utr\u017een\u00e9 pen\u00edze tak mohou lid\u00e9\u00a0 vyu\u017e\u00edt na sn\u00ed\u017een\u00ed sv\u00fdch vlastn\u00edch n\u00e1klad\u016f na elekt\u0159inu v r\u00e1mci vy\u00fa\u010dtov\u00e1n\u00ed.<\/p>\n<p>Sol\u00e1rn\u00ed \u00fa\u010det mohou z\u00e1kazn\u00edci MND kombinovat s jak\u00fdmkoliv cen\u00edkem na dod\u00e1vku elekt\u0159iny od t\u00e9to spole\u010dnosti. Stav tohoto \u00fa\u010dtu si pak mohou z\u00e1kazn\u00edci pohodln\u011b kontrolovat na port\u00e1lu Moje MND, kde krom\u011b aktu\u00e1ln\u00edho z\u016fstatku v korun\u00e1ch uvid\u00ed i mno\u017estv\u00ed vykoupen\u00e9 elekt\u0159iny.<\/p>\n<p>Pro MND je sol\u00e1rn\u00ed energie v\u00fdznamnou sou\u010d\u00e1st\u00ed byznysu. Firma aktu\u00e1ln\u011b dokon\u010dila akvizici velk\u00e9 fotovoltaick\u00e9 elektr\u00e1rny Orlov\u00e1 u Ostravy a na Ji\u017en\u00ed Morav\u011b stav\u00ed dal\u0161\u00ed v lokalit\u011b Mu\u0161ov.<br \/>\nPr\u00e1v\u011b zde pod P\u00e1lavou se b\u011bhem p\u0159\u00edpravn\u00fdch prac\u00ed poda\u0159ilo odkr\u00fdt hroby langobardsk\u00fdch elit ze \u0161est\u00e9ho stolet\u00ed. N\u00e1sledoval tak rozs\u00e1hl\u00fd archeologick\u00fd pr\u016fzkum oblasti, na kter\u00fd MND v\u011bnovalo 400 tis\u00edc korun.<\/p>\n<p>Pod\u00edvejte se na na\u0161i celou report\u00e1\u017e.<\/p>\n","protected":false},"excerpt":{"rendered":"<p>Popularita vyu\u017e\u00edv\u00e1n\u00ed sol\u00e1rn\u00ed energii v \u010cesku rok od roku stoup\u00e1. Na tento trend zareagovala i spole\u010dnost MND, kter\u00e1 nov\u011b nab\u00edz\u00ed sol\u00e1rn\u00ed \u00fa\u010det, je\u017e umo\u017en\u00ed v\u00fdkup elekt\u0159iny z fotovoltaiky od z\u00e1kazn\u00edk\u016f. <\/p>\n","protected":false},"author":4,"featured_media":11592,"comment_status":"closed","ping_status":"closed","sticky":false,"template":"","format":"standard","meta":{"_acf_changed":false,"footnotes":""},"categories":[17,23,161,157],"tags":[],"porad":[],"region":[218],"class_list":["post-11589","post","type-post","status-publish","format-standard","has-post-thumbnail","hentry","category-domaci","category-ekonomika","category-energie","category-zpravy","region-cela-cr"],"acf":[],"meta_box":{"odeslat":["nasregion"]},"_links":{"self":[{"href":"https:\/\/tv.a11.cz\/api\/wp\/v2\/posts\/11589","targetHints":{"allow":["GET"]}}],"collection":[{"href":"https:\/\/tv.a11.cz\/api\/wp\/v2\/posts"}],"about":[{"href":"https:\/\/tv.a11.cz\/api\/wp\/v2\/types\/post"}],"author":[{"embeddable":true,"href":"https:\/\/tv.a11.cz\/api\/wp\/v2\/users\/4"}],"replies":[{"embeddable":true,"href":"https:\/\/tv.a11.cz\/api\/wp\/v2\/comments?post=11589"}],"version-history":[{"count":3,"href":"https:\/\/tv.a11.cz\/api\/wp\/v2\/posts\/11589\/revisions"}],"predecessor-version":[{"id":11593,"href":"https:\/\/tv.a11.cz\/api\/wp\/v2\/posts\/11589\/revisions\/11593"}],"wp:featuredmedia":[{"embeddable":true,"href":"https:\/\/tv.a11.cz\/api\/wp\/v2\/media\/11592"}],"wp:attachment":[{"href":"https:\/\/tv.a11.cz\/api\/wp\/v2\/media?parent=11589"}],"wp:term":[{"taxonomy":"category","embeddable":true,"href":"https:\/\/tv.a11.cz\/api\/wp\/v2\/categories?post=11589"},{"taxonomy":"post_tag","embeddable":true,"href":"https:\/\/tv.a11.cz\/api\/wp\/v2\/tags?post=11589"},{"taxonomy":"porad","embeddable":true,"href":"https:\/\/tv.a11.cz\/api\/wp\/v2\/porad?post=11589"},{"taxonomy":"region","embeddable":true,"href":"https:\/\/tv.a11.cz\/api\/wp\/v2\/region?post=11589"}],"curies":[{"name":"wp","href":"https:\/\/api.w.org\/{rel}","templated":true}]}}