{"id":113,"date":"2022-12-16T12:04:51","date_gmt":"2022-12-16T11:04:51","guid":{"rendered":"https:\/\/tv.a11.cz\/?p=113"},"modified":"2023-03-15T18:33:55","modified_gmt":"2023-03-15T17:33:55","slug":"o-letadlech-a-letani-s-pilotem-a-propagatorem-letectvi-jirim-prusou","status":"publish","type":"post","link":"https:\/\/tv.a11.cz\/o-letadlech-a-letani-s-pilotem-a-propagatorem-letectvi-jirim-prusou-113\/","title":{"rendered":"O letadlech a l\u00e9t\u00e1n\u00ed s pilotem Ji\u0159\u00edm Pru\u0161ou"},"content":{"rendered":"<p>Ji\u0159\u00ed se poprv\u00e9 posadil do letadla u\u017e v \u0161esti letech, ale s\u00e1m za\u010dal l\u00e9tat ve \u010dtrn\u00e1cti na v\u011btron\u00edch na leti\u0161ti To\u010dn\u00e1 u Prahy.<\/p>\n<p>V\u00a0sedmn\u00e1cti letech se mu stala prvn\u00ed nehoda. Poj\u010fte si poslechnout, co se vlastn\u011b stalo a jak velk\u00e9 m\u011bl \u0161t\u011bst\u00ed, \u017ee vyv\u00e1zl \u017eiv\u00fd. Mohl pot\u00e9 hned l\u00e9tat? B\u00e1l se op\u011bt sednout do letadla? A kdy vlastn\u011b z\u00edskal sv\u016fj prvn\u00ed pilo\u0165\u00e1k a kdy se za\u010dal v\u011bnovat letectv\u00ed v\u00a0takov\u00e9 m\u00ed\u0159e, v\u00a0jak\u00e9 se mu v\u011bnuje dnes?<\/p>\n<p>Poslechn\u011bte si zaj\u00edmav\u00e9 vypr\u00e1v\u011bn\u00ed o \u017eivot\u011b nad\u0161en\u00e9ho pilota Ji\u0159\u00edho Pr\u016f\u0161i. Jak\u00e1 m\u016f\u017eete letadla pilotovat? Kam v\u0161ude l\u00e9tal? Na kolika leti\u0161t\u00edch u\u017e p\u0159ist\u00e1l?<\/p>\n<p>Mezi ta nejzaj\u00edmav\u011bj\u0161\u00ed pat\u0159\u00ed nap\u0159\u00edklad leti\u0161t\u011b v\u00a0\u00dadol\u00ed smrti nebo na Alja\u0161ce. Dozv\u00edte se tak\u00e9, na kter\u00e9m leti\u0161ti se mu p\u0159ist\u00e1valo nejh\u016f\u0159e a pro\u010d i to, jak\u00e1 \u00faskal\u00ed na n\u011bj \u010dekala v\u00a0\u00dadol\u00ed smrti a jak si s\u00a0nimi poradil.<\/p>\n<p>Um\u00edte si p\u0159edstavit lety v\u00a0Gr\u00f3nsku? P\u0159i velmi n\u00edzk\u00fdch teplot\u00e1ch a \u010dasto velmi \u0161patn\u00e9m po\u010das\u00ed \u010d\u00edh\u00e1 v\u00a0mrac\u00edch nebezpe\u010d\u00ed v\u00a0podob\u011b n\u00e1mrazy. A jak se vlastn\u011b d\u00e1 p\u0159ist\u00e1vat p\u0159i letu t\u011bsn\u011b nad vodou?<\/p>\n<p>Tak\u00e9 se dozv\u00edte jak to vlastn\u011b je s\u00a0rezervou paliva p\u0159i letech p\u0159es mo\u0159e, na co by se m\u011blo p\u0159i v\u00fduce l\u00e9t\u00e1n\u00ed v\u00edce db\u00e1t a v\u0161e dal\u0161\u00ed zaj\u00edmav\u00e9 z\u00a0leteck\u00e9 praxe.<\/p>\n<p>Ji\u0159\u00ed v\u00e1m tak\u00e9 prozrad\u00ed sv\u016fj zat\u00edm nespln\u011bn\u00fd sen, kam by si cht\u011bl je\u0161t\u011b zalet\u011bt, jak\u00e1 leti\u0161t\u011b nav\u0161t\u00edvit a jak vlastn\u011b vn\u00edmal oblet kolem sv\u011bta devaten\u00e1ctilet\u00e9 \u0160\u00e1rky.<\/p>\n","protected":false},"excerpt":{"rendered":"<p>Dnes v\u00e1m p\u0159edstav\u00edme Pilota Ji\u0159\u00edho Pr\u016f\u0161u, kter\u00fd svou l\u00e1sku k\u00a0l\u00e9t\u00e1n\u00ed z\u00edskal u\u017e ve \u010dty\u0159ech letech, a to d\u00edky sv\u00e9mu t\u00e1tovi, kter\u00fd pracoval na leti\u0161ti.<\/p>\n","protected":false},"author":4,"featured_media":591,"comment_status":"closed","ping_status":"closed","sticky":false,"template":"","format":"standard","meta":{"_acf_changed":false,"footnotes":""},"categories":[174],"tags":[],"porad":[18],"region":[64],"class_list":["post-113","post","type-post","status-publish","format-standard","has-post-thumbnail","hentry","category-rozhovory","porad-o-letadlech-a-letani","region-zlinsky-kraj"],"acf":[],"meta_box":{"odeslat":[]},"_links":{"self":[{"href":"https:\/\/tv.a11.cz\/api\/wp\/v2\/posts\/113","targetHints":{"allow":["GET"]}}],"collection":[{"href":"https:\/\/tv.a11.cz\/api\/wp\/v2\/posts"}],"about":[{"href":"https:\/\/tv.a11.cz\/api\/wp\/v2\/types\/post"}],"author":[{"embeddable":true,"href":"https:\/\/tv.a11.cz\/api\/wp\/v2\/users\/4"}],"replies":[{"embeddable":true,"href":"https:\/\/tv.a11.cz\/api\/wp\/v2\/comments?post=113"}],"version-history":[{"count":5,"href":"https:\/\/tv.a11.cz\/api\/wp\/v2\/posts\/113\/revisions"}],"predecessor-version":[{"id":979,"href":"https:\/\/tv.a11.cz\/api\/wp\/v2\/posts\/113\/revisions\/979"}],"wp:featuredmedia":[{"embeddable":true,"href":"https:\/\/tv.a11.cz\/api\/wp\/v2\/media\/591"}],"wp:attachment":[{"href":"https:\/\/tv.a11.cz\/api\/wp\/v2\/media?parent=113"}],"wp:term":[{"taxonomy":"category","embeddable":true,"href":"https:\/\/tv.a11.cz\/api\/wp\/v2\/categories?post=113"},{"taxonomy":"post_tag","embeddable":true,"href":"https:\/\/tv.a11.cz\/api\/wp\/v2\/tags?post=113"},{"taxonomy":"porad","embeddable":true,"href":"https:\/\/tv.a11.cz\/api\/wp\/v2\/porad?post=113"},{"taxonomy":"region","embeddable":true,"href":"https:\/\/tv.a11.cz\/api\/wp\/v2\/region?post=113"}],"curies":[{"name":"wp","href":"https:\/\/api.w.org\/{rel}","templated":true}]}}