{"id":11253,"date":"2023-10-05T13:43:32","date_gmt":"2023-10-05T11:43:32","guid":{"rendered":"https:\/\/tv.a11.cz\/?p=11253"},"modified":"2023-10-05T13:43:32","modified_gmt":"2023-10-05T11:43:32","slug":"neplaticum-pokut-v-brne-odebiraji-registracni-znacky","status":"publish","type":"post","link":"https:\/\/tv.a11.cz\/neplaticum-pokut-v-brne-odebiraji-registracni-znacky-11253\/","title":{"rendered":"Neplati\u010d\u016fm pokut v Brn\u011b odeb\u00edraj\u00ed registra\u010dn\u00ed zna\u010dky"},"content":{"rendered":"<p>Brn\u011bn\u0161t\u00ed str\u00e1\u017en\u00edci vyr\u00e1\u017e\u00ed do ter\u00e9nu spolu s celn\u00edky a neplati\u010d\u016fm odeb\u00edraj\u00ed registra\u010dn\u00ed zna\u010dky z automobil\u016f. Celn\u00edci pom\u00e1haj\u00ed v Brn\u011b s kontrolami kv\u016fli aplikaci celn\u00ed spr\u00e1vy, centr\u00e1ln\u00ed evidence p\u0159eplatk\u016f a nedoplatk\u016f, kam str\u00e1\u017en\u00edci p\u0159\u00edstup nemaj\u00ed.<\/p>\n<div class=\"code-block code-block-2\">\n<div id=\"Rectangle_650x400\">Celn\u00edci spole\u010dn\u011b se str\u00e1\u017en\u00edky odhalili nap\u0159\u00edklad mu\u017ee, kter\u00fd dlu\u017eil bezm\u00e1la 20 tis\u00edc korun. Ob\u00e1val se, \u017ee mu p\u0159\u00edslu\u0161n\u00edci celn\u00ed spr\u00e1vy zadr\u017e\u00ed registra\u010dn\u00ed zna\u010dku nebo zabr\u00e1n\u00ed v j\u00edzd\u011b, tak dlu\u017enou \u010d\u00e1stku uhradil.<\/div>\n<\/div>\n<p>A co \u0159\u00edkaj\u00ed v Br\u0148an\u00e9 na nov\u00fd postup proti neplati\u010d\u016fm pokut za parkov\u00e1n\u00ed? To se dozv\u00edte v na\u0161\u00ed report\u00e1\u017ei.<\/p>\n","protected":false},"excerpt":{"rendered":"<p>V Brn\u011b se rozhodli radik\u00e1ln\u011b zakro\u010dit proti neplati\u010d\u016fm pokut za \u0161patn\u00e9 parkov\u00e1n\u00ed. Nov\u011b se tak \u0159\u00edd\u00ed heslem zapla\u0165te nebo neodjedete. <\/p>\n","protected":false},"author":4,"featured_media":11481,"comment_status":"closed","ping_status":"closed","sticky":false,"template":"","format":"standard","meta":{"_acf_changed":false,"footnotes":""},"categories":[17,165,163,157],"tags":[],"porad":[],"region":[134,53],"class_list":["post-11253","post","type-post","status-publish","format-standard","has-post-thumbnail","hentry","category-domaci","category-krimi","category-stalo-se","category-zpravy","region-brnensko","region-jihomoravsky-kraj"],"acf":[],"meta_box":{"odeslat":["nasregion"]},"_links":{"self":[{"href":"https:\/\/tv.a11.cz\/api\/wp\/v2\/posts\/11253","targetHints":{"allow":["GET"]}}],"collection":[{"href":"https:\/\/tv.a11.cz\/api\/wp\/v2\/posts"}],"about":[{"href":"https:\/\/tv.a11.cz\/api\/wp\/v2\/types\/post"}],"author":[{"embeddable":true,"href":"https:\/\/tv.a11.cz\/api\/wp\/v2\/users\/4"}],"replies":[{"embeddable":true,"href":"https:\/\/tv.a11.cz\/api\/wp\/v2\/comments?post=11253"}],"version-history":[{"count":2,"href":"https:\/\/tv.a11.cz\/api\/wp\/v2\/posts\/11253\/revisions"}],"predecessor-version":[{"id":11480,"href":"https:\/\/tv.a11.cz\/api\/wp\/v2\/posts\/11253\/revisions\/11480"}],"wp:featuredmedia":[{"embeddable":true,"href":"https:\/\/tv.a11.cz\/api\/wp\/v2\/media\/11481"}],"wp:attachment":[{"href":"https:\/\/tv.a11.cz\/api\/wp\/v2\/media?parent=11253"}],"wp:term":[{"taxonomy":"category","embeddable":true,"href":"https:\/\/tv.a11.cz\/api\/wp\/v2\/categories?post=11253"},{"taxonomy":"post_tag","embeddable":true,"href":"https:\/\/tv.a11.cz\/api\/wp\/v2\/tags?post=11253"},{"taxonomy":"porad","embeddable":true,"href":"https:\/\/tv.a11.cz\/api\/wp\/v2\/porad?post=11253"},{"taxonomy":"region","embeddable":true,"href":"https:\/\/tv.a11.cz\/api\/wp\/v2\/region?post=11253"}],"curies":[{"name":"wp","href":"https:\/\/api.w.org\/{rel}","templated":true}]}}